{"id":171786,"date":"2019-03-11T17:13:19","date_gmt":"2019-03-11T20:13:19","guid":{"rendered":"https:\/\/www.redenoticia.com.br\/noticia\/?p=171786"},"modified":"2019-03-11T17:13:23","modified_gmt":"2019-03-11T20:13:23","slug":"resumo-novela-a-garota-da-moto-12-03-alex-invade-a-casa-de-joana-de-madrugada","status":"publish","type":"post","link":"https:\/\/www.redenoticia.com.br\/noticia\/2019\/resumo-novela-a-garota-da-moto-12-03-alex-invade-a-casa-de-joana-de-madrugada\/171786","title":{"rendered":"Resumo novela \u201cA Garota da Moto\u201d 12\/03: Alex invade a casa de Joana de madrugada"},"content":{"rendered":"<p><strong><em><img loading=\"lazy\" decoding=\"async\" class=\"aligncenter size-large wp-image-171233\" src=\"https:\/\/www.redenoticia.com.br\/noticia\/imagens\/a-garota-da-moto-sbt-300x300.jpg\" alt=\"\" width=\"300\" height=\"300\" srcset=\"https:\/\/www.redenoticia.com.br\/noticia\/imagens\/a-garota-da-moto-sbt-300x300.jpg 300w, https:\/\/www.redenoticia.com.br\/noticia\/imagens\/a-garota-da-moto-sbt-187x187.jpg 187w, https:\/\/www.redenoticia.com.br\/noticia\/imagens\/a-garota-da-moto-sbt.jpg 540w\" sizes=\"auto, (max-width: 300px) 100vw, 300px\" \/>Resumo novela \u201cA Garota da Moto\u201d 12\/03:<\/em><\/strong> no cap\u00edtulo 005(*) da novela, ter\u00e7a-feira, 12 de mar\u00e7o, Ivan v\u00ea o v\u00eddeo na c\u00e2mera do Botec\u00e3o. Reconhece Naomi. Diz que \u00e9 uma bandida conhecida. Fica estranho, mas Joana acha que o comportamento do namorado \u00e9 em raz\u00e3o da suspens\u00e3o da pol\u00edcia. Ivan diz que n\u00e3o pode fazer nada de efetivo sobre Naomi. Ele tem flashbacks em que vemos que teve uma rela\u00e7\u00e3o com Naomi.<\/p>\n<p>Ele sai para investigar e descobre que Naomi e Bernarda estiveram na mesma cela, mas \u00e9 preso antes de poder contar a Joana. Alex invade discretamente a casa de Joana de madrugada e se esconde l\u00e1 dentro. Rei sai com Nico e quando Joana est\u00e1 sozinha Alex se revela, surpreendendo-a.<\/p>\n<p>Alex \u00e9 louco e afirma que \u00e9 marido de Joana e pai de Nico, e que a vida dela daqui pra frente \u00e9 com ele. Seguindo recomenda\u00e7\u00f5es de Bernarda, Rafa d\u00e1 mesmo em cima de Pam. Ela resiste. Ele insiste. Pam baixa a guarda. Rola um amasso no vesti\u00e1rio da Mot\u00f3polis. Ela curte, mas nada demais. Rafa curte muito mais do que imaginava.<\/p>\n<p>(*) edi\u00e7\u00e3o do SBT, Novela \u201cA Garota da Moto\u201d, sujeito a altera\u00e7\u00e3o de data e conte\u00fado.<\/p>\n<p>Sinopse \u2013 Joana vive o dia a dia fascinante e perigoso das ruas, viadutos e vias expressas de S\u00e3o Paulo sobre duas rodas. Ela \u00e9 uma motogirl que faz parte desse ex\u00e9rcito de mais de 300 mil pessoas que cruzam a cidade transportando de tudo, todos os dias, o dia inteiro. Um ex\u00e9rcito que \u00e9, como todos, predominantemente masculino. Joana \u00e9 uma exce\u00e7\u00e3o: \u00e9 mulher, jovem, bonita e acima de tudo, \u00e9 corajosa.<\/p>\n<p>Joana se tornou aventureira porque se viu acuada, tendo que defender sozinha o seu filho de oito anos, Nico, contra gente muito poderosa. Nessa jornada, ela descobre for\u00e7as que nem sabia que tinha \u2013 como acontece tantas vezes com os verdadeiros her\u00f3is.<\/p>\n","protected":false},"excerpt":{"rendered":"<p>Resumo novela \u201cA Garota da Moto\u201d 12\/03: no cap\u00edtulo 005(*) da novela, ter\u00e7a-feira, 12 de mar\u00e7o, Ivan v\u00ea o v\u00eddeo na c\u00e2mera do Botec\u00e3o. Reconhece Naomi. Diz que \u00e9 uma bandida conhecida. Fica estranho, mas Joana acha que o comportamento do namorado \u00e9 em raz\u00e3o da suspens\u00e3o da pol\u00edcia. Ivan diz que n\u00e3o pode fazer [&hellip;]<\/p>\n","protected":false},"author":4,"featured_media":90196,"comment_status":"open","ping_status":"closed","sticky":false,"template":"","format":"standard","meta":{"_genesis_hide_title":false,"_genesis_hide_breadcrumbs":false,"_genesis_hide_singular_image":false,"_genesis_hide_footer_widgets":false,"_genesis_custom_body_class":"","_genesis_custom_post_class":"","_genesis_layout":"","_jetpack_memberships_contains_paid_content":false,"footnotes":""},"categories":[379,372,343],"tags":[441],"class_list":{"0":"post-171786","1":"post","2":"type-post","3":"status-publish","4":"format-standard","5":"has-post-thumbnail","7":"category-novelas","8":"category-sbt","9":"category-televisao","10":"tag-resumo-do-dia","11":"entry","12":"gs-1","13":"gs-odd","14":"gs-even","15":"gs-featured-content-entry"},"jetpack_featured_media_url":"https:\/\/www.redenoticia.com.br\/noticia\/imagens\/A_Garota_da_Moto_SBT_Resumo_Novela.jpg","jetpack_sharing_enabled":true,"jetpack_likes_enabled":true,"_links":{"self":[{"href":"https:\/\/www.redenoticia.com.br\/noticia\/wp-json\/wp\/v2\/posts\/171786","targetHints":{"allow":["GET"]}}],"collection":[{"href":"https:\/\/www.redenoticia.com.br\/noticia\/wp-json\/wp\/v2\/posts"}],"about":[{"href":"https:\/\/www.redenoticia.com.br\/noticia\/wp-json\/wp\/v2\/types\/post"}],"author":[{"embeddable":true,"href":"https:\/\/www.redenoticia.com.br\/noticia\/wp-json\/wp\/v2\/users\/4"}],"replies":[{"embeddable":true,"href":"https:\/\/www.redenoticia.com.br\/noticia\/wp-json\/wp\/v2\/comments?post=171786"}],"version-history":[{"count":0,"href":"https:\/\/www.redenoticia.com.br\/noticia\/wp-json\/wp\/v2\/posts\/171786\/revisions"}],"wp:featuredmedia":[{"embeddable":true,"href":"https:\/\/www.redenoticia.com.br\/noticia\/wp-json\/wp\/v2\/media\/90196"}],"wp:attachment":[{"href":"https:\/\/www.redenoticia.com.br\/noticia\/wp-json\/wp\/v2\/media?parent=171786"}],"wp:term":[{"taxonomy":"category","embeddable":true,"href":"https:\/\/www.redenoticia.com.br\/noticia\/wp-json\/wp\/v2\/categories?post=171786"},{"taxonomy":"post_tag","embeddable":true,"href":"https:\/\/www.redenoticia.com.br\/noticia\/wp-json\/wp\/v2\/tags?post=171786"}],"curies":[{"name":"wp","href":"https:\/\/api.w.org\/{rel}","templated":true}]}}