{"id":171629,"date":"2019-03-09T13:41:30","date_gmt":"2019-03-09T16:41:30","guid":{"rendered":"https:\/\/www.redenoticia.com.br\/noticia\/?p=171629"},"modified":"2019-03-09T13:41:32","modified_gmt":"2019-03-09T16:41:32","slug":"poli-usp-recebe-inscricoes-para-mba-em-gestao-da-producao","status":"publish","type":"post","link":"https:\/\/www.redenoticia.com.br\/noticia\/2019\/poli-usp-recebe-inscricoes-para-mba-em-gestao-da-producao\/171629","title":{"rendered":"Poli-USP recebe inscri\u00e7\u00f5es para MBA em Gest\u00e3o da Produ\u00e7\u00e3o"},"content":{"rendered":"<p>Ag\u00eancia FAPESP \u2013 A Escola Polit\u00e9cnica da Universidade de S\u00e3o Paulo (Poli-USP) e a Funda\u00e7\u00e3o Vanzolini, institui\u00e7\u00e3o mantida e gerida por professores do Departamento de Engenharia de Produ\u00e7\u00e3o da Poli-USP, est\u00e3o recebendo inscri\u00e7\u00f5es at\u00e9 15 de mar\u00e7o de 2019 para o curso de Master of Business Administration (MBA) em Gest\u00e3o da Produ\u00e7\u00e3o \u2013 turmas do primeiro trimestre de 2019.<\/p>\n<p>O curso prepara profissionais para atuar tanto na \u00e1rea de manufatura quanto de servi\u00e7o (consultorias, hospitais, educa\u00e7\u00e3o e tecnologia) em projetos integrados, desde sua defini\u00e7\u00e3o at\u00e9 a efetiva implementa\u00e7\u00e3o e avalia\u00e7\u00e3o percorrendo quatro est\u00e1gios: infraestrutura, opera\u00e7\u00f5es, mercado e financeiro.<\/p>\n<p>O curso tem 400 horas de dura\u00e7\u00e3o e 16 disciplinas. As aulas come\u00e7am no dia 23 de mar\u00e7o e ser\u00e3o sempre aos s\u00e1bados, das 8h \u00e0s 15h30. O local de realiza\u00e7\u00e3o do curso ser\u00e1 o Centro de Treinamentos da Funda\u00e7\u00e3o Vanzolini, situado na av. Paulista, 967, 3\u00ba andar, Bela Vista, S\u00e3o Paulo<\/p>\n<p>As disciplinas s\u00e3o \u201cBusiness Intelligence\u201d, \u201cData Science\u201d, \u201cDecision Science\u201d, \u201cEconomia Circular e Sustentabilidade\u201d, \u201cEmpreendedorismo e Inova\u00e7\u00e3o\u201d, \u201cEstrat\u00e9gia Empresarial\u201d, \u201cGest\u00e3o da Qualidade\u201d, \u201cGest\u00e3o de Pessoas e do Conhecimento\u201d, \u201cGest\u00e3o de Projetos\/Scrum\u201d, \u201cGest\u00e3o Financeira\u201d, \u201cLean Seis Sigma\u201d, \u201cMarketing\u201d, \u201cMetodologia (TCC)\u201d, \u201cOperations Management\u201d, \u201cPlataformas Digitais\u201d, \u201cProject Valuation\u201d e \u201cSupply Chain Management\u201d.<\/p>\n<p>Os candidatos ser\u00e3o avaliados por meio de an\u00e1lise curricular, entrevista com a coordena\u00e7\u00e3o e reda\u00e7\u00e3o sobre o tema \u201cO que o curso de MBA em Gest\u00e3o da Produ\u00e7\u00e3o vai contribuir para sua carreira\u201d. As inscri\u00e7\u00f5es devem ser feitas pelo site da Funda\u00e7\u00e3o Vanzolini.<\/p>\n<p>Mais informa\u00e7\u00f5es: https:\/\/vanzolini.org.br\/cursos\/mba-gestao-da-producao\/.<\/p>\n","protected":false},"excerpt":{"rendered":"<p>Ag\u00eancia FAPESP \u2013 A Escola Polit\u00e9cnica da Universidade de S\u00e3o Paulo (Poli-USP) e a Funda\u00e7\u00e3o Vanzolini, institui\u00e7\u00e3o mantida e gerida por professores do Departamento de Engenharia de Produ\u00e7\u00e3o da Poli-USP, est\u00e3o recebendo inscri\u00e7\u00f5es at\u00e9 15 de mar\u00e7o de 2019 para o curso de Master of Business Administration (MBA) em Gest\u00e3o da Produ\u00e7\u00e3o \u2013 turmas do [&hellip;]<\/p>\n","protected":false},"author":2,"featured_media":148304,"comment_status":"open","ping_status":"closed","sticky":false,"template":"","format":"standard","meta":{"_genesis_hide_title":false,"_genesis_hide_breadcrumbs":false,"_genesis_hide_singular_image":false,"_genesis_hide_footer_widgets":false,"_genesis_custom_body_class":"","_genesis_custom_post_class":"","_genesis_layout":"","_jetpack_memberships_contains_paid_content":false,"footnotes":""},"categories":[22,351,370],"tags":[],"class_list":{"0":"post-171629","1":"post","2":"type-post","3":"status-publish","4":"format-standard","5":"has-post-thumbnail","7":"category-brasil","8":"category-cursos","9":"category-inscricao","10":"entry","11":"gs-1","12":"gs-odd","13":"gs-even","14":"gs-featured-content-entry"},"jetpack_featured_media_url":"https:\/\/www.redenoticia.com.br\/noticia\/imagens\/inscricao-mba.jpg","jetpack_sharing_enabled":true,"jetpack_likes_enabled":true,"_links":{"self":[{"href":"https:\/\/www.redenoticia.com.br\/noticia\/wp-json\/wp\/v2\/posts\/171629","targetHints":{"allow":["GET"]}}],"collection":[{"href":"https:\/\/www.redenoticia.com.br\/noticia\/wp-json\/wp\/v2\/posts"}],"about":[{"href":"https:\/\/www.redenoticia.com.br\/noticia\/wp-json\/wp\/v2\/types\/post"}],"author":[{"embeddable":true,"href":"https:\/\/www.redenoticia.com.br\/noticia\/wp-json\/wp\/v2\/users\/2"}],"replies":[{"embeddable":true,"href":"https:\/\/www.redenoticia.com.br\/noticia\/wp-json\/wp\/v2\/comments?post=171629"}],"version-history":[{"count":0,"href":"https:\/\/www.redenoticia.com.br\/noticia\/wp-json\/wp\/v2\/posts\/171629\/revisions"}],"wp:featuredmedia":[{"embeddable":true,"href":"https:\/\/www.redenoticia.com.br\/noticia\/wp-json\/wp\/v2\/media\/148304"}],"wp:attachment":[{"href":"https:\/\/www.redenoticia.com.br\/noticia\/wp-json\/wp\/v2\/media?parent=171629"}],"wp:term":[{"taxonomy":"category","embeddable":true,"href":"https:\/\/www.redenoticia.com.br\/noticia\/wp-json\/wp\/v2\/categories?post=171629"},{"taxonomy":"post_tag","embeddable":true,"href":"https:\/\/www.redenoticia.com.br\/noticia\/wp-json\/wp\/v2\/tags?post=171629"}],"curies":[{"name":"wp","href":"https:\/\/api.w.org\/{rel}","templated":true}]}}