{"id":171570,"date":"2019-03-08T16:40:10","date_gmt":"2019-03-08T19:40:10","guid":{"rendered":"https:\/\/www.redenoticia.com.br\/noticia\/?p=171570"},"modified":"2019-03-08T16:40:14","modified_gmt":"2019-03-08T19:40:14","slug":"resumo-novela-espelho-da-vida-09-03-daniel-impede-que-priscila-sofra-um-acidente","status":"publish","type":"post","link":"https:\/\/www.redenoticia.com.br\/noticia\/2019\/resumo-novela-espelho-da-vida-09-03-daniel-impede-que-priscila-sofra-um-acidente\/171570","title":{"rendered":"Resumo novela \u201cEspelho da Vida\u201d 09\/03: Daniel impede que Priscila sofra um acidente"},"content":{"rendered":"<p><strong><em><img loading=\"lazy\" decoding=\"async\" class=\"aligncenter size-large wp-image-153376\" src=\"https:\/\/www.redenoticia.com.br\/noticia\/imagens\/espelho-da-vida-001-384x300.jpg\" alt=\"\" width=\"384\" height=\"300\" srcset=\"https:\/\/www.redenoticia.com.br\/noticia\/imagens\/espelho-da-vida-001-384x300.jpg 384w, https:\/\/www.redenoticia.com.br\/noticia\/imagens\/espelho-da-vida-001-239x187.jpg 239w, https:\/\/www.redenoticia.com.br\/noticia\/imagens\/espelho-da-vida-001-150x117.jpg 150w, https:\/\/www.redenoticia.com.br\/noticia\/imagens\/espelho-da-vida-001.jpg 597w\" sizes=\"auto, (max-width: 384px) 100vw, 384px\" \/>Resumo novela \u201cEspelho da Vida\u201d 09\/03 <\/em><\/strong>: no cap\u00edtulo 141(*) da novela, resumo de s\u00e1bado, 09 de mar\u00e7o, Gilson acredita que Alain mentiu em seu depoimento. Ot\u00e1vio afirma a Gustavo que defender\u00e1 Danilo. Mimi provoca Dora. Let\u00edcia conta a Daniel que decidiu viajar para o Brasil. Gra\u00e7a ajuda Maristela a enfrentar Eug\u00eanio para ver Henrique. Ana desabafa com Fl\u00e1vio sua ang\u00fastia com a situa\u00e7\u00e3o de Cris. Michele e Vitor lamentam a dist\u00e2ncia entre os dois.<\/p>\n<p>Ot\u00e1vio confidencia a Cris\/Julia que est\u00e1 ao lado de Danilo. Mariane se irrita ao ver Marcelo com Gigi, e discute com o ex-namorado. Am\u00e9rico rouba a igreja de Padre Leo. Eug\u00eanio se revolta com a presen\u00e7a de Maristela em sua casa. Daniel impede Priscila de sofrer um acidente no Rio de Janeiro.<\/p>\n<p>(*) edi\u00e7\u00e3o da Rede Globo, Novela \u201cEspelho da Vida\u201d, sujeito a altera\u00e7\u00e3o de data e conte\u00fado.<\/p>\n<p>Cris Val\u00eancia (Vit\u00f3ria Strada) \u00e9 uma atriz de teatro, linda, estudiosa e filha de pais artistas. A jovem \u00e9 idealista e segura de seus objetivos. Sens\u00edvel, acredita em todos que se aproximam, valoriza o amor e vive um romance feliz ao lado de Alain (Jo\u00e3o Vicente de Castro). Incentivadora da carreira do namorado, ela apoia seus projetos e acredita que ele precisa investir na produ\u00e7\u00e3o de um filme rom\u00e2ntico.<\/p>\n<p>Em \u201cEspelho da Vida\u201d, Alain \u00e9 um diretor de TV e cinema bem-sucedido no Rio de Janeiro, muito reconhecido por sua arte. O jovem recebe um pr\u00eamio por seu \u00faltimo curta-metragem e est\u00e1 em busca de novos roteiros para seu primeiro longa de com\u00e9dia.<\/p>\n","protected":false},"excerpt":{"rendered":"<p>Resumo novela \u201cEspelho da Vida\u201d 09\/03 : no cap\u00edtulo 141(*) da novela, resumo de s\u00e1bado, 09 de mar\u00e7o, Gilson acredita que Alain mentiu em seu depoimento. Ot\u00e1vio afirma a Gustavo que defender\u00e1 Danilo. Mimi provoca Dora. Let\u00edcia conta a Daniel que decidiu viajar para o Brasil. Gra\u00e7a ajuda Maristela a enfrentar Eug\u00eanio para ver Henrique. [&hellip;]<\/p>\n","protected":false},"author":4,"featured_media":150110,"comment_status":"open","ping_status":"closed","sticky":false,"template":"","format":"standard","meta":{"_genesis_hide_title":false,"_genesis_hide_breadcrumbs":false,"_genesis_hide_singular_image":false,"_genesis_hide_footer_widgets":false,"_genesis_custom_body_class":"","_genesis_custom_post_class":"","_genesis_layout":"","_jetpack_memberships_contains_paid_content":false,"footnotes":""},"categories":[527,379,375,343],"tags":[441],"class_list":{"0":"post-171570","1":"post","2":"type-post","3":"status-publish","4":"format-standard","5":"has-post-thumbnail","7":"category-espelho-da-vida","8":"category-novelas","9":"category-rede-globo","10":"category-televisao","11":"tag-resumo-do-dia","12":"entry","13":"gs-1","14":"gs-odd","15":"gs-even","16":"gs-featured-content-entry"},"jetpack_featured_media_url":"https:\/\/www.redenoticia.com.br\/noticia\/imagens\/Espelho-da-Vida-novela-resumo-globo.jpg","jetpack_sharing_enabled":true,"jetpack_likes_enabled":true,"_links":{"self":[{"href":"https:\/\/www.redenoticia.com.br\/noticia\/wp-json\/wp\/v2\/posts\/171570","targetHints":{"allow":["GET"]}}],"collection":[{"href":"https:\/\/www.redenoticia.com.br\/noticia\/wp-json\/wp\/v2\/posts"}],"about":[{"href":"https:\/\/www.redenoticia.com.br\/noticia\/wp-json\/wp\/v2\/types\/post"}],"author":[{"embeddable":true,"href":"https:\/\/www.redenoticia.com.br\/noticia\/wp-json\/wp\/v2\/users\/4"}],"replies":[{"embeddable":true,"href":"https:\/\/www.redenoticia.com.br\/noticia\/wp-json\/wp\/v2\/comments?post=171570"}],"version-history":[{"count":0,"href":"https:\/\/www.redenoticia.com.br\/noticia\/wp-json\/wp\/v2\/posts\/171570\/revisions"}],"wp:featuredmedia":[{"embeddable":true,"href":"https:\/\/www.redenoticia.com.br\/noticia\/wp-json\/wp\/v2\/media\/150110"}],"wp:attachment":[{"href":"https:\/\/www.redenoticia.com.br\/noticia\/wp-json\/wp\/v2\/media?parent=171570"}],"wp:term":[{"taxonomy":"category","embeddable":true,"href":"https:\/\/www.redenoticia.com.br\/noticia\/wp-json\/wp\/v2\/categories?post=171570"},{"taxonomy":"post_tag","embeddable":true,"href":"https:\/\/www.redenoticia.com.br\/noticia\/wp-json\/wp\/v2\/tags?post=171570"}],"curies":[{"name":"wp","href":"https:\/\/api.w.org\/{rel}","templated":true}]}}