{"id":171476,"date":"2019-03-07T16:14:59","date_gmt":"2019-03-07T19:14:59","guid":{"rendered":"https:\/\/www.redenoticia.com.br\/noticia\/?p=171476"},"modified":"2019-03-07T16:15:02","modified_gmt":"2019-03-07T19:15:02","slug":"resumo-novela-verao-90-08-03-joao-e-condenado-pela-morte-de-nicole","status":"publish","type":"post","link":"https:\/\/www.redenoticia.com.br\/noticia\/2019\/resumo-novela-verao-90-08-03-joao-e-condenado-pela-morte-de-nicole\/171476","title":{"rendered":"Resumo novela \u201cVer\u00e3o 90\u201d 08\/03: Jo\u00e3o \u00e9 condenado pela morte de Nicole"},"content":{"rendered":"<p><em><strong><img loading=\"lazy\" decoding=\"async\" class=\"aligncenter size-large wp-image-167197\" src=\"https:\/\/www.redenoticia.com.br\/noticia\/imagens\/verao-90-001-299x300.jpg\" alt=\"\" width=\"299\" height=\"300\" srcset=\"https:\/\/www.redenoticia.com.br\/noticia\/imagens\/verao-90-001-299x300.jpg 299w, https:\/\/www.redenoticia.com.br\/noticia\/imagens\/verao-90-001-186x187.jpg 186w, https:\/\/www.redenoticia.com.br\/noticia\/imagens\/verao-90-001-560x562.jpg 560w, https:\/\/www.redenoticia.com.br\/noticia\/imagens\/verao-90-001.jpg 614w\" sizes=\"auto, (max-width: 299px) 100vw, 299px\" \/>Resumo novela \u201cVer\u00e3o 90\u201d 08\/03 <\/strong><\/em> : no cap\u00edtulo 034(*) da novela, resumo sexta-feira, 08 de mar\u00e7o de mar\u00e7o, Vanessa considera a proposta de Mercedes e inventa ao promotor que Jo\u00e3o a procurou para mudar seu depoimento. Jo\u00e3o se desespera com a acusa\u00e7\u00e3o de Vanessa. Jo\u00e3o se nega a seguir o conselho de Giovana, que pede ao cliente para assumir que foi um acidente. Jo\u00e3o \u00e9 condenado pela morte de Nicole. Quinz\u00e3o diz a Mercedes que eles destru\u00edram a vida de Jo\u00e3o. Jer\u00f4nimo promove uma festa para Quinzinho comemorar a pris\u00e3o de Jo\u00e3o. Kika consola Manu.<\/p>\n<p>Vanessa se despede de Jer\u00f4nimo, que reage de forma fria quando ela revela que se apaixonou por ele. Diana decide ir para uma comunidade no Acre. Herculano recebe uma proposta para trabalhar em uma produtora em Portugal. Jana\u00edna aceita o convite de Raimundo para cuidar do buf\u00ea do Bai\u00e3o de Dois. Lidiane e Cerqueira relembram o tempo em que foram namorados. Lidiane procura Jo\u00e3o para pedir que se afaste de Manu.<\/p>\n<p>(*) edi\u00e7\u00e3o da Rede Globo, Novela \u201cVer\u00e3o 90\u201d, sujeito a altera\u00e7\u00e3o de data e conte\u00fado.<\/p>\n<p>Sinopse \u201cVer\u00e3o 90\u201d: O Rio de Janeiro da d\u00e9cada de 1990, a cultura efervescente da \u00e9poca, os acontecimentos sociais e pol\u00edticos, a m\u00fasica e a moda est\u00e3o presentes em \u2018Ver\u00e3o 90\u2019, uma com\u00e9dia rom\u00e2ntica, solar e musical, escrita por Izabel de Oliveira e Paula Amaral, com dire\u00e7\u00e3o art\u00edstica de Jorge Fernando. A pr\u00f3xima novela das sete vai mostrar a trajet\u00f3ria de tr\u00eas ex-astros mirins e suas m\u00e3es batalhadoras, Lidiane (Claudia Raia) e Jana\u00edna (Dira Paes), cada uma a seu modo. A previs\u00e3o de estreia \u00e9 para o in\u00edcio de 2019. A hist\u00f3ria rom\u00e2ntica e musical que tem como protagonistas o trio Jo\u00e3o (Jo\u00e3o Bravo\/Rafael Vitti), Manuzita (Melissa N\u00f3brega\/Isabelle Drummond) e Jer\u00f4nimo (Diogo Caruso\/Jesu\u00edta Barbosa).<\/p>\n","protected":false},"excerpt":{"rendered":"<p>Resumo novela \u201cVer\u00e3o 90\u201d 08\/03 : no cap\u00edtulo 034(*) da novela, resumo sexta-feira, 08 de mar\u00e7o de mar\u00e7o, Vanessa considera a proposta de Mercedes e inventa ao promotor que Jo\u00e3o a procurou para mudar seu depoimento. Jo\u00e3o se desespera com a acusa\u00e7\u00e3o de Vanessa. Jo\u00e3o se nega a seguir o conselho de Giovana, que pede [&hellip;]<\/p>\n","protected":false},"author":4,"featured_media":167198,"comment_status":"open","ping_status":"closed","sticky":false,"template":"","format":"standard","meta":{"_genesis_hide_title":false,"_genesis_hide_breadcrumbs":false,"_genesis_hide_singular_image":false,"_genesis_hide_footer_widgets":false,"_genesis_custom_body_class":"","_genesis_custom_post_class":"","_genesis_layout":"","_jetpack_memberships_contains_paid_content":false,"footnotes":""},"categories":[379,375,343,536],"tags":[441],"class_list":{"0":"post-171476","1":"post","2":"type-post","3":"status-publish","4":"format-standard","5":"has-post-thumbnail","7":"category-novelas","8":"category-rede-globo","9":"category-televisao","10":"category-verao-90","11":"tag-resumo-do-dia","12":"entry","13":"gs-1","14":"gs-odd","15":"gs-even","16":"gs-featured-content-entry"},"jetpack_featured_media_url":"https:\/\/www.redenoticia.com.br\/noticia\/imagens\/verao-90-resumo-globo-capitulos.jpg","jetpack_sharing_enabled":true,"jetpack_likes_enabled":true,"_links":{"self":[{"href":"https:\/\/www.redenoticia.com.br\/noticia\/wp-json\/wp\/v2\/posts\/171476","targetHints":{"allow":["GET"]}}],"collection":[{"href":"https:\/\/www.redenoticia.com.br\/noticia\/wp-json\/wp\/v2\/posts"}],"about":[{"href":"https:\/\/www.redenoticia.com.br\/noticia\/wp-json\/wp\/v2\/types\/post"}],"author":[{"embeddable":true,"href":"https:\/\/www.redenoticia.com.br\/noticia\/wp-json\/wp\/v2\/users\/4"}],"replies":[{"embeddable":true,"href":"https:\/\/www.redenoticia.com.br\/noticia\/wp-json\/wp\/v2\/comments?post=171476"}],"version-history":[{"count":0,"href":"https:\/\/www.redenoticia.com.br\/noticia\/wp-json\/wp\/v2\/posts\/171476\/revisions"}],"wp:featuredmedia":[{"embeddable":true,"href":"https:\/\/www.redenoticia.com.br\/noticia\/wp-json\/wp\/v2\/media\/167198"}],"wp:attachment":[{"href":"https:\/\/www.redenoticia.com.br\/noticia\/wp-json\/wp\/v2\/media?parent=171476"}],"wp:term":[{"taxonomy":"category","embeddable":true,"href":"https:\/\/www.redenoticia.com.br\/noticia\/wp-json\/wp\/v2\/categories?post=171476"},{"taxonomy":"post_tag","embeddable":true,"href":"https:\/\/www.redenoticia.com.br\/noticia\/wp-json\/wp\/v2\/tags?post=171476"}],"curies":[{"name":"wp","href":"https:\/\/api.w.org\/{rel}","templated":true}]}}