{"id":171468,"date":"2019-03-07T16:09:01","date_gmt":"2019-03-07T19:09:01","guid":{"rendered":"https:\/\/www.redenoticia.com.br\/noticia\/?p=171468"},"modified":"2019-03-07T16:09:04","modified_gmt":"2019-03-07T19:09:04","slug":"resumo-novela-a-garota-da-moto-08-03-naomi-ataca-joana-e-foge","status":"publish","type":"post","link":"https:\/\/www.redenoticia.com.br\/noticia\/2019\/resumo-novela-a-garota-da-moto-08-03-naomi-ataca-joana-e-foge\/171468","title":{"rendered":"Resumo novela \u201cA Garota da Moto\u201d 08\/03: Naomi ataca Joana e foge"},"content":{"rendered":"<p><strong><em><img loading=\"lazy\" decoding=\"async\" class=\"aligncenter size-large wp-image-171233\" src=\"https:\/\/www.redenoticia.com.br\/noticia\/imagens\/a-garota-da-moto-sbt-300x300.jpg\" alt=\"\" width=\"300\" height=\"300\" srcset=\"https:\/\/www.redenoticia.com.br\/noticia\/imagens\/a-garota-da-moto-sbt-300x300.jpg 300w, https:\/\/www.redenoticia.com.br\/noticia\/imagens\/a-garota-da-moto-sbt-187x187.jpg 187w, https:\/\/www.redenoticia.com.br\/noticia\/imagens\/a-garota-da-moto-sbt.jpg 540w\" sizes=\"auto, (max-width: 300px) 100vw, 300px\" \/>Resumo novela \u201cA Garota da Moto\u201d 08\/03:<\/em><\/strong> no cap\u00edtulo 003(*) da novela, sexta-feira, 08 de mar\u00e7o, o dia de Joana j\u00e1 come\u00e7a complicado quando ela abre sua porta de manh\u00e3 e encontra Alex, que traz uma bicicleta de presente para Nico. Ivan questiona, ciumento, quem \u00e9 Alex, enquanto Joana recusa a bicicleta. Ao descobrir que Alex \u00e9 irm\u00e3o de Dinho, Ivan diz que vai ter que investiga-lo. Na Mot\u00f3polis, Bact\u00e9ria acha que uma forma de otimizar a produtividade \u00e9 melhorando as rela\u00e7\u00f5es interpessoais.<\/p>\n<p>Para alcan\u00e7ar esse objetivo, ele promove entre os motoboys e funcion\u00e1rios na Mot\u00f3polis um psicodrama. Naomi aparece na Mot\u00f3polis disfar\u00e7ada, pedindo emprego. Joana simpatiza com a situa\u00e7\u00e3o dif\u00edcil que ela finge estar passando e tenta arrumar um trabalho para Naomi no Botec\u00e3o. Ap\u00f3s um ato-falho de Naomi, Joana percebe que tem algo errado naquela situa\u00e7\u00e3o. Naomi ataca Joana e foge.<\/p>\n<p>(*) edi\u00e7\u00e3o do SBT, Novela \u201cA Garota da Moto\u201d, sujeito a altera\u00e7\u00e3o de data e conte\u00fado.<\/p>\n<p>Sinopse \u2013 Joana vive o dia a dia fascinante e perigoso das ruas, viadutos e vias expressas de S\u00e3o Paulo sobre duas rodas. Ela \u00e9 uma motogirl que faz parte desse ex\u00e9rcito de mais de 300 mil pessoas que cruzam a cidade transportando de tudo, todos os dias, o dia inteiro. Um ex\u00e9rcito que \u00e9, como todos, predominantemente masculino. Joana \u00e9 uma exce\u00e7\u00e3o: \u00e9 mulher, jovem, bonita e acima de tudo, \u00e9 corajosa.<\/p>\n<p>Joana se tornou aventureira porque se viu acuada, tendo que defender sozinha o seu filho de oito anos, Nico, contra gente muito poderosa. Nessa jornada, ela descobre for\u00e7as que nem sabia que tinha \u2013 como acontece tantas vezes com os verdadeiros her\u00f3is.<\/p>\n","protected":false},"excerpt":{"rendered":"<p>Resumo novela \u201cA Garota da Moto\u201d 08\/03: no cap\u00edtulo 003(*) da novela, sexta-feira, 08 de mar\u00e7o, o dia de Joana j\u00e1 come\u00e7a complicado quando ela abre sua porta de manh\u00e3 e encontra Alex, que traz uma bicicleta de presente para Nico. Ivan questiona, ciumento, quem \u00e9 Alex, enquanto Joana recusa a bicicleta. Ao descobrir que [&hellip;]<\/p>\n","protected":false},"author":4,"featured_media":90196,"comment_status":"open","ping_status":"closed","sticky":false,"template":"","format":"standard","meta":{"_genesis_hide_title":false,"_genesis_hide_breadcrumbs":false,"_genesis_hide_singular_image":false,"_genesis_hide_footer_widgets":false,"_genesis_custom_body_class":"","_genesis_custom_post_class":"","_genesis_layout":"","_jetpack_memberships_contains_paid_content":false,"footnotes":""},"categories":[379,372,343],"tags":[441],"class_list":{"0":"post-171468","1":"post","2":"type-post","3":"status-publish","4":"format-standard","5":"has-post-thumbnail","7":"category-novelas","8":"category-sbt","9":"category-televisao","10":"tag-resumo-do-dia","11":"entry","12":"gs-1","13":"gs-odd","14":"gs-even","15":"gs-featured-content-entry"},"jetpack_featured_media_url":"https:\/\/www.redenoticia.com.br\/noticia\/imagens\/A_Garota_da_Moto_SBT_Resumo_Novela.jpg","jetpack_sharing_enabled":true,"jetpack_likes_enabled":true,"_links":{"self":[{"href":"https:\/\/www.redenoticia.com.br\/noticia\/wp-json\/wp\/v2\/posts\/171468","targetHints":{"allow":["GET"]}}],"collection":[{"href":"https:\/\/www.redenoticia.com.br\/noticia\/wp-json\/wp\/v2\/posts"}],"about":[{"href":"https:\/\/www.redenoticia.com.br\/noticia\/wp-json\/wp\/v2\/types\/post"}],"author":[{"embeddable":true,"href":"https:\/\/www.redenoticia.com.br\/noticia\/wp-json\/wp\/v2\/users\/4"}],"replies":[{"embeddable":true,"href":"https:\/\/www.redenoticia.com.br\/noticia\/wp-json\/wp\/v2\/comments?post=171468"}],"version-history":[{"count":0,"href":"https:\/\/www.redenoticia.com.br\/noticia\/wp-json\/wp\/v2\/posts\/171468\/revisions"}],"wp:featuredmedia":[{"embeddable":true,"href":"https:\/\/www.redenoticia.com.br\/noticia\/wp-json\/wp\/v2\/media\/90196"}],"wp:attachment":[{"href":"https:\/\/www.redenoticia.com.br\/noticia\/wp-json\/wp\/v2\/media?parent=171468"}],"wp:term":[{"taxonomy":"category","embeddable":true,"href":"https:\/\/www.redenoticia.com.br\/noticia\/wp-json\/wp\/v2\/categories?post=171468"},{"taxonomy":"post_tag","embeddable":true,"href":"https:\/\/www.redenoticia.com.br\/noticia\/wp-json\/wp\/v2\/tags?post=171468"}],"curies":[{"name":"wp","href":"https:\/\/api.w.org\/{rel}","templated":true}]}}