{"id":171466,"date":"2019-03-07T16:07:41","date_gmt":"2019-03-07T19:07:41","guid":{"rendered":"https:\/\/www.redenoticia.com.br\/noticia\/?p=171466"},"modified":"2019-03-07T16:07:44","modified_gmt":"2019-03-07T19:07:44","slug":"resumo-novela-cumplices-de-um-resgate-08-03-isabela-e-amarrada-no-porao-da-mansao","status":"publish","type":"post","link":"https:\/\/www.redenoticia.com.br\/noticia\/2019\/resumo-novela-cumplices-de-um-resgate-08-03-isabela-e-amarrada-no-porao-da-mansao\/171466","title":{"rendered":"Resumo novela \u201cC\u00famplices de um Resgate\u201d 08\/03: Isabela \u00e9 amarrada no por\u00e3o da mans\u00e3o"},"content":{"rendered":"<p><img loading=\"lazy\" decoding=\"async\" class=\"aligncenter size-large wp-image-164526\" src=\"https:\/\/www.redenoticia.com.br\/noticia\/imagens\/cumplices-de-um-resgate-001-316x300.jpg\" alt=\"\" width=\"316\" height=\"300\" srcset=\"https:\/\/www.redenoticia.com.br\/noticia\/imagens\/cumplices-de-um-resgate-001-316x300.jpg 316w, https:\/\/www.redenoticia.com.br\/noticia\/imagens\/cumplices-de-um-resgate-001-197x187.jpg 197w, https:\/\/www.redenoticia.com.br\/noticia\/imagens\/cumplices-de-um-resgate-001-150x143.jpg 150w, https:\/\/www.redenoticia.com.br\/noticia\/imagens\/cumplices-de-um-resgate-001.jpg 526w\" sizes=\"auto, (max-width: 316px) 100vw, 316px\" \/> Resumo novela \u201cC\u00famplices de um Resgate\u201d 08\/03 : no cap\u00edtulo 045(*) da novela, sexta-feira, 08 de mar\u00e7o, Rebeca pergunta para Ot\u00e1vio como ele teve coragem de entregar o anel de noivado para Sofia. Ot\u00e1vio tira o anel do bolso e deixa Rebeca surpresa. Ot\u00e1vio diz que Safira n\u00e3o pode estar com o anel, pois mandou fazer o anel especialmente para ela. Rebeca diz que quer muito confiar nele, pois o olhar dele a convence, mas n\u00e3o consegue ficar tranquilo, pois ele \u00e9 muito bom para ser verdade. Os capangas de Geraldo invadem a mans\u00e3o de Isabela para o golpe do assalto para incriminar Marina. Isabela e Marina escutam barulhos na mans\u00e3o e ficam aflitas com o que pode acontecer. Os capangas amarram Dami\u00e3o e Laura. Isabela coloca todas as coisas na porta do quarto para se defender. No dia seguinte, os capangas devolvem uma maleta com joias de Regina para Geraldo e avisam que o plano foi executado com sucesso.<\/p>\n<p>Regina diz que se Marina n\u00e3o ficar quieta e colaborar, dir\u00e1 que ela planejou todo o assalto na mans\u00e3o. Marina fica chocada. Regina manda Marina soltar os empregados, dizer que a pol\u00edcia j\u00e1 foi at\u00e9 a mans\u00e3o e que Isabela foi enviada para a casa de uma tia no interior. Enquanto isso, Isabela permanece amarrada no por\u00e3o da mans\u00e3o. A festa de anivers\u00e1rio do vilarejo come\u00e7a e Fiorina e Nina discutem mais uma vez sobre quem deve encerrar a festa, se \u00e9 o pastor ou o padre. Com ajuda das crian\u00e7as da banda, a briga chega ao fim. Regina e Geraldo v\u00e3o at\u00e9 o por\u00e3o e tiram a fita que tampava a boca da menina. Marina conta para Dami\u00e3o sobre tudo o que Regina fez, mas pede que ele mantenha segredo sobre tudo.<\/p>\n<p>\u201cManuela e Seus Amigos\u201d se apresentam no vilarejo e emocionam todos, at\u00e9 mesmo Nina e Fiorina param de discutir. Ot\u00e1vio sai do escrit\u00f3rio para ir a festa do vilarejo. Safira descobre atrav\u00e9s de Lurdinha e fica irritada. Ot\u00e1vio chega no vilarejo e v\u00ea Rebeca dan\u00e7ado com Pedro. Sabrina fica junto com Manuela e seus amigos. A garota faz quest\u00e3o de elogiar T\u00e9o. Safira vai at\u00e9 a gravadora e diz para Geraldo que espera que ele n\u00e3o se aproxime de Priscila. Geraldo garante que n\u00e3o quer saber da garota. Os capangas sequestram Manuela no Vilarejo.<\/p>\n<p>(*) edi\u00e7\u00e3o do SBT, Novela \u201cC\u00famplices de um Resgate\u201d, sujeito a altera\u00e7\u00e3o de data e conte\u00fado.<\/p>\n","protected":false},"excerpt":{"rendered":"<p>Resumo novela \u201cC\u00famplices de um Resgate\u201d 08\/03 : no cap\u00edtulo 045(*) da novela, sexta-feira, 08 de mar\u00e7o, Rebeca pergunta para Ot\u00e1vio como ele teve coragem de entregar o anel de noivado para Sofia. Ot\u00e1vio tira o anel do bolso e deixa Rebeca surpresa. Ot\u00e1vio diz que Safira n\u00e3o pode estar com o anel, pois mandou [&hellip;]<\/p>\n","protected":false},"author":4,"featured_media":164526,"comment_status":"open","ping_status":"closed","sticky":false,"template":"","format":"standard","meta":{"_genesis_hide_title":false,"_genesis_hide_breadcrumbs":false,"_genesis_hide_singular_image":false,"_genesis_hide_footer_widgets":false,"_genesis_custom_body_class":"","_genesis_custom_post_class":"","_genesis_layout":"","_jetpack_memberships_contains_paid_content":false,"footnotes":""},"categories":[379,372,343],"tags":[441],"class_list":{"0":"post-171466","1":"post","2":"type-post","3":"status-publish","4":"format-standard","5":"has-post-thumbnail","7":"category-novelas","8":"category-sbt","9":"category-televisao","10":"tag-resumo-do-dia","11":"entry","12":"gs-1","13":"gs-odd","14":"gs-even","15":"gs-featured-content-entry"},"jetpack_featured_media_url":"https:\/\/www.redenoticia.com.br\/noticia\/imagens\/cumplices-de-um-resgate-001.jpg","jetpack_sharing_enabled":true,"jetpack_likes_enabled":true,"_links":{"self":[{"href":"https:\/\/www.redenoticia.com.br\/noticia\/wp-json\/wp\/v2\/posts\/171466","targetHints":{"allow":["GET"]}}],"collection":[{"href":"https:\/\/www.redenoticia.com.br\/noticia\/wp-json\/wp\/v2\/posts"}],"about":[{"href":"https:\/\/www.redenoticia.com.br\/noticia\/wp-json\/wp\/v2\/types\/post"}],"author":[{"embeddable":true,"href":"https:\/\/www.redenoticia.com.br\/noticia\/wp-json\/wp\/v2\/users\/4"}],"replies":[{"embeddable":true,"href":"https:\/\/www.redenoticia.com.br\/noticia\/wp-json\/wp\/v2\/comments?post=171466"}],"version-history":[{"count":0,"href":"https:\/\/www.redenoticia.com.br\/noticia\/wp-json\/wp\/v2\/posts\/171466\/revisions"}],"wp:featuredmedia":[{"embeddable":true,"href":"https:\/\/www.redenoticia.com.br\/noticia\/wp-json\/wp\/v2\/media\/164526"}],"wp:attachment":[{"href":"https:\/\/www.redenoticia.com.br\/noticia\/wp-json\/wp\/v2\/media?parent=171466"}],"wp:term":[{"taxonomy":"category","embeddable":true,"href":"https:\/\/www.redenoticia.com.br\/noticia\/wp-json\/wp\/v2\/categories?post=171466"},{"taxonomy":"post_tag","embeddable":true,"href":"https:\/\/www.redenoticia.com.br\/noticia\/wp-json\/wp\/v2\/tags?post=171466"}],"curies":[{"name":"wp","href":"https:\/\/api.w.org\/{rel}","templated":true}]}}