{"id":171464,"date":"2019-03-07T16:06:12","date_gmt":"2019-03-07T19:06:12","guid":{"rendered":"https:\/\/www.redenoticia.com.br\/noticia\/?p=171464"},"modified":"2019-03-07T16:06:16","modified_gmt":"2019-03-07T19:06:16","slug":"resumo-novela-as-aventuras-de-poliana-08-03-pendleton-encontra-joao-a-tocar-violao-na-praca","status":"publish","type":"post","link":"https:\/\/www.redenoticia.com.br\/noticia\/2019\/resumo-novela-as-aventuras-de-poliana-08-03-pendleton-encontra-joao-a-tocar-violao-na-praca\/171464","title":{"rendered":"Resumo novela \u201cAs Aventuras de Poliana\u201d 08\/03: Pendleton encontra Jo\u00e3o a tocar viol\u00e3o na pra\u00e7a"},"content":{"rendered":"<p><strong><em><img loading=\"lazy\" decoding=\"async\" class=\"aligncenter size-large wp-image-148662\" src=\"https:\/\/www.redenoticia.com.br\/noticia\/imagens\/as-aventuras-de-poliana-novela-400x267.jpg\" alt=\"\" width=\"400\" height=\"267\" srcset=\"https:\/\/www.redenoticia.com.br\/noticia\/imagens\/as-aventuras-de-poliana-novela-400x267.jpg 400w, https:\/\/www.redenoticia.com.br\/noticia\/imagens\/as-aventuras-de-poliana-novela-250x167.jpg 250w, https:\/\/www.redenoticia.com.br\/noticia\/imagens\/as-aventuras-de-poliana-novela-150x100.jpg 150w, https:\/\/www.redenoticia.com.br\/noticia\/imagens\/as-aventuras-de-poliana-novela.jpg 600w\" sizes=\"auto, (max-width: 400px) 100vw, 400px\" \/>Resumo novela \u201cAs Aventuras de Poliana\u201d 08\/03 <\/em><\/strong>: no cap\u00edtulo 213(*) da novela, resumo de sexta-feira, 08 de mar\u00e7o, M\u00e1rio, Luigi e Gael v\u00e3o \u00e0 escola e temem que, agora que S\u00e9rgio trabalhar\u00e1 de casa, Jo\u00e3o d\u00ea de cara com ele. Raquel diz a Durval que ficou feliz pela atitude que ele tomou diante de Roger e Guilherme. Filipa, brava, v\u00ea Yasmin feliz com Poliana, Kessya e Luigi. Sophie, chantageada por Salvador, faz os relat\u00f3rios do professor e Iuri fica inconformado. Luca confronta Mirela sobre os posts que ela supostamente compartilhou e diz que vai retir\u00e1-la da r\u00e1dio. D\u00e9bora vai \u00e0 escola e Poliana conversa com ela. Sophie encontra D\u00e9bora e acaba contando sobre a declara\u00e7\u00e3o que ele fez \u00e0 Lu\u00edsa. Na reuni\u00e3o do Comit\u00ea do La\u00e7o Azul, D\u00e9bora faz esc\u00e2ndalo e humilha Lu\u00edsa.<\/p>\n<p>Roger conta a Pendleton sobre a mudan\u00e7a que fez sobre S\u00e9rgio e ele fica furioso por Otto n\u00e3o ter sido consultado. Roger manda Ciro seguir Pendleton. Filipa tenta se reaproximar Yasmin, sem sucesso. Luca faz um v\u00eddeo se desculpando com Jeff. O pai de Luca \u00e9 chamado na escola. Marcelo encontra Lu\u00edsa e se desculpa por ter agido por impulso. D\u00e9bora chega. Gl\u00f3ria e Branca discutem. Pendleton encontra Jo\u00e3o tocando viol\u00e3o na pra\u00e7a. Ciro observa tudo. D\u00e9bora joga um produto de limpeza no ch\u00e3o da porta da sala de dan\u00e7a de prop\u00f3sito para Branca cair e se machucar.<\/p>\n<p>(*) edi\u00e7\u00e3o do SBT, Novela \u201cAs Aventuras de Poliana\u201d, sujeito a altera\u00e7\u00e3o de data e conte\u00fado.<\/p>\n<p>Poliana \u00e9 uma menina extrovertida e de bom cora\u00e7\u00e3o que viajava o Brasil com seus pais, Lorenzo e Alice, no grupo circense Trupe Vagalume. Aos onze anos a garota v\u00ea seu mundo desabar quando seus pais falecem e ela tem que ir morar em S\u00e3o Paulo com sua tia Lu\u00edsa, uma mulher rica e severa, a qual ela n\u00e3o conhecia e que n\u00e3o queria cuidar dela, embora sinta que \u00e9 sua obriga\u00e7\u00e3o pela alma de sua irm\u00e3. Apesar do jeito da rigidez da tia, Poliana decide ter uma vis\u00e3o positiva e inabal\u00e1vel da vida, mesmo nos momentos de dificuldade, tentando levar um pouco de felicidade para a vida de cada um dos seus novos amigos e vizinhos, como o Sr. Pendleton, um homem rico e infeliz por nunca ter tido filhos. Ela vai estudar no col\u00e9gio de Ruth, uma diretora de bom cora\u00e7\u00e3o que a ajuda a se adaptar, mas tem que lidar com as vilanias de Mirela, garota mais velha que n\u00e3o aceita perder a popularidade para uma novata.<\/p>\n","protected":false},"excerpt":{"rendered":"<p>Resumo novela \u201cAs Aventuras de Poliana\u201d 08\/03 : no cap\u00edtulo 213(*) da novela, resumo de sexta-feira, 08 de mar\u00e7o, M\u00e1rio, Luigi e Gael v\u00e3o \u00e0 escola e temem que, agora que S\u00e9rgio trabalhar\u00e1 de casa, Jo\u00e3o d\u00ea de cara com ele. Raquel diz a Durval que ficou feliz pela atitude que ele tomou diante de [&hellip;]<\/p>\n","protected":false},"author":4,"featured_media":148663,"comment_status":"open","ping_status":"closed","sticky":false,"template":"","format":"standard","meta":{"_genesis_hide_title":false,"_genesis_hide_breadcrumbs":false,"_genesis_hide_singular_image":false,"_genesis_hide_footer_widgets":false,"_genesis_custom_body_class":"","_genesis_custom_post_class":"","_genesis_layout":"","_jetpack_memberships_contains_paid_content":false,"footnotes":""},"categories":[477,379,372,343],"tags":[441],"class_list":{"0":"post-171464","1":"post","2":"type-post","3":"status-publish","4":"format-standard","5":"has-post-thumbnail","7":"category-as-aventuras-de-poliana","8":"category-novelas","9":"category-sbt","10":"category-televisao","11":"tag-resumo-do-dia","12":"entry","13":"gs-1","14":"gs-odd","15":"gs-even","16":"gs-featured-content-entry"},"jetpack_featured_media_url":"https:\/\/www.redenoticia.com.br\/noticia\/imagens\/as-aventuras-de-poliana-sbt.jpg","jetpack_sharing_enabled":true,"jetpack_likes_enabled":true,"_links":{"self":[{"href":"https:\/\/www.redenoticia.com.br\/noticia\/wp-json\/wp\/v2\/posts\/171464","targetHints":{"allow":["GET"]}}],"collection":[{"href":"https:\/\/www.redenoticia.com.br\/noticia\/wp-json\/wp\/v2\/posts"}],"about":[{"href":"https:\/\/www.redenoticia.com.br\/noticia\/wp-json\/wp\/v2\/types\/post"}],"author":[{"embeddable":true,"href":"https:\/\/www.redenoticia.com.br\/noticia\/wp-json\/wp\/v2\/users\/4"}],"replies":[{"embeddable":true,"href":"https:\/\/www.redenoticia.com.br\/noticia\/wp-json\/wp\/v2\/comments?post=171464"}],"version-history":[{"count":0,"href":"https:\/\/www.redenoticia.com.br\/noticia\/wp-json\/wp\/v2\/posts\/171464\/revisions"}],"wp:featuredmedia":[{"embeddable":true,"href":"https:\/\/www.redenoticia.com.br\/noticia\/wp-json\/wp\/v2\/media\/148663"}],"wp:attachment":[{"href":"https:\/\/www.redenoticia.com.br\/noticia\/wp-json\/wp\/v2\/media?parent=171464"}],"wp:term":[{"taxonomy":"category","embeddable":true,"href":"https:\/\/www.redenoticia.com.br\/noticia\/wp-json\/wp\/v2\/categories?post=171464"},{"taxonomy":"post_tag","embeddable":true,"href":"https:\/\/www.redenoticia.com.br\/noticia\/wp-json\/wp\/v2\/tags?post=171464"}],"curies":[{"name":"wp","href":"https:\/\/api.w.org\/{rel}","templated":true}]}}