{"id":171388,"date":"2019-03-06T16:28:04","date_gmt":"2019-03-06T19:28:04","guid":{"rendered":"https:\/\/www.redenoticia.com.br\/noticia\/?p=171388"},"modified":"2019-03-06T16:28:09","modified_gmt":"2019-03-06T19:28:09","slug":"resumo-novela-espelho-da-vida-07-03-eugenio-garante-a-cris-julia-que-danilo-vive-se-ela-se-casar-com-gustavo","status":"publish","type":"post","link":"https:\/\/www.redenoticia.com.br\/noticia\/2019\/resumo-novela-espelho-da-vida-07-03-eugenio-garante-a-cris-julia-que-danilo-vive-se-ela-se-casar-com-gustavo\/171388","title":{"rendered":"Resumo novela \u201cEspelho da Vida\u201d 07\/03: Eug\u00eanio garante a Cris\/Julia que Danilo vive se ela se casar com Gustavo"},"content":{"rendered":"<p><strong><em><img loading=\"lazy\" decoding=\"async\" class=\"aligncenter size-large wp-image-153376\" src=\"https:\/\/www.redenoticia.com.br\/noticia\/imagens\/espelho-da-vida-001-384x300.jpg\" alt=\"\" width=\"384\" height=\"300\" srcset=\"https:\/\/www.redenoticia.com.br\/noticia\/imagens\/espelho-da-vida-001-384x300.jpg 384w, https:\/\/www.redenoticia.com.br\/noticia\/imagens\/espelho-da-vida-001-239x187.jpg 239w, https:\/\/www.redenoticia.com.br\/noticia\/imagens\/espelho-da-vida-001-150x117.jpg 150w, https:\/\/www.redenoticia.com.br\/noticia\/imagens\/espelho-da-vida-001.jpg 597w\" sizes=\"auto, (max-width: 384px) 100vw, 384px\" \/>Resumo novela \u201cEspelho da Vida\u201d 07\/03 <\/em><\/strong>: no cap\u00edtulo 139(*) da novela, resumo de quinta-feira, 07 de mar\u00e7o, Let\u00edcia pede que Daniel se prepare para o que pode descobrir em sua viagem ao Brasil. Ot\u00e1vio afirma a Augusto e Hildegard que pode ajudar Danilo. Lenita insinua em tom de brincadeira, que Isabel pode ser a respons\u00e1vel pelo desaparecimento de Cris. Daniel incentiva Let\u00edcia a aceitar o convite para o semin\u00e1rio no Brasil. Eug\u00eanio garante a Cris\/Julia que manter\u00e1 Danilo vivo se a filha se casar com Gustavo.<\/p>\n<p>Pat reclama da dist\u00e2ncia de Lenita, que se surpreende com os sentimentos da filha. Gigi pede conselhos a Marcelo sobre como proceder em rela\u00e7\u00e3o ao pai de seu filho. Henrique confessa a Maristela que tem medo de Eug\u00eanio. Maristela confidencia a Henrique que tem um plano para livr\u00e1-lo de morar com o coronel. Dora se encanta com o comportamento de Ot\u00e1vio. Alain, Isabel e Priscila se preparam para viajar para o Rio de Janeiro.<\/p>\n<p>(*) edi\u00e7\u00e3o da Rede Globo, Novela \u201cEspelho da Vida\u201d, sujeito a altera\u00e7\u00e3o de data e conte\u00fado.<\/p>\n<p>Cris Val\u00eancia (Vit\u00f3ria Strada) \u00e9 uma atriz de teatro, linda, estudiosa e filha de pais artistas. A jovem \u00e9 idealista e segura de seus objetivos. Sens\u00edvel, acredita em todos que se aproximam, valoriza o amor e vive um romance feliz ao lado de Alain (Jo\u00e3o Vicente de Castro). Incentivadora da carreira do namorado, ela apoia seus projetos e acredita que ele precisa investir na produ\u00e7\u00e3o de um filme rom\u00e2ntico.<\/p>\n<p>Em \u201cEspelho da Vida\u201d, Alain \u00e9 um diretor de TV e cinema bem-sucedido no Rio de Janeiro, muito reconhecido por sua arte. O jovem recebe um pr\u00eamio por seu \u00faltimo curta-metragem e est\u00e1 em busca de novos roteiros para seu primeiro longa de com\u00e9dia.<\/p>\n","protected":false},"excerpt":{"rendered":"<p>Resumo novela \u201cEspelho da Vida\u201d 07\/03 : no cap\u00edtulo 139(*) da novela, resumo de quinta-feira, 07 de mar\u00e7o, Let\u00edcia pede que Daniel se prepare para o que pode descobrir em sua viagem ao Brasil. Ot\u00e1vio afirma a Augusto e Hildegard que pode ajudar Danilo. Lenita insinua em tom de brincadeira, que Isabel pode ser a [&hellip;]<\/p>\n","protected":false},"author":4,"featured_media":150110,"comment_status":"open","ping_status":"closed","sticky":false,"template":"","format":"standard","meta":{"_genesis_hide_title":false,"_genesis_hide_breadcrumbs":false,"_genesis_hide_singular_image":false,"_genesis_hide_footer_widgets":false,"_genesis_custom_body_class":"","_genesis_custom_post_class":"","_genesis_layout":"","_jetpack_memberships_contains_paid_content":false,"footnotes":""},"categories":[527,379,375,343],"tags":[441],"class_list":{"0":"post-171388","1":"post","2":"type-post","3":"status-publish","4":"format-standard","5":"has-post-thumbnail","7":"category-espelho-da-vida","8":"category-novelas","9":"category-rede-globo","10":"category-televisao","11":"tag-resumo-do-dia","12":"entry","13":"gs-1","14":"gs-odd","15":"gs-even","16":"gs-featured-content-entry"},"jetpack_featured_media_url":"https:\/\/www.redenoticia.com.br\/noticia\/imagens\/Espelho-da-Vida-novela-resumo-globo.jpg","jetpack_sharing_enabled":true,"jetpack_likes_enabled":true,"_links":{"self":[{"href":"https:\/\/www.redenoticia.com.br\/noticia\/wp-json\/wp\/v2\/posts\/171388","targetHints":{"allow":["GET"]}}],"collection":[{"href":"https:\/\/www.redenoticia.com.br\/noticia\/wp-json\/wp\/v2\/posts"}],"about":[{"href":"https:\/\/www.redenoticia.com.br\/noticia\/wp-json\/wp\/v2\/types\/post"}],"author":[{"embeddable":true,"href":"https:\/\/www.redenoticia.com.br\/noticia\/wp-json\/wp\/v2\/users\/4"}],"replies":[{"embeddable":true,"href":"https:\/\/www.redenoticia.com.br\/noticia\/wp-json\/wp\/v2\/comments?post=171388"}],"version-history":[{"count":0,"href":"https:\/\/www.redenoticia.com.br\/noticia\/wp-json\/wp\/v2\/posts\/171388\/revisions"}],"wp:featuredmedia":[{"embeddable":true,"href":"https:\/\/www.redenoticia.com.br\/noticia\/wp-json\/wp\/v2\/media\/150110"}],"wp:attachment":[{"href":"https:\/\/www.redenoticia.com.br\/noticia\/wp-json\/wp\/v2\/media?parent=171388"}],"wp:term":[{"taxonomy":"category","embeddable":true,"href":"https:\/\/www.redenoticia.com.br\/noticia\/wp-json\/wp\/v2\/categories?post=171388"},{"taxonomy":"post_tag","embeddable":true,"href":"https:\/\/www.redenoticia.com.br\/noticia\/wp-json\/wp\/v2\/tags?post=171388"}],"curies":[{"name":"wp","href":"https:\/\/api.w.org\/{rel}","templated":true}]}}