{"id":171240,"date":"2019-03-05T16:51:24","date_gmt":"2019-03-05T19:51:24","guid":{"rendered":"https:\/\/www.redenoticia.com.br\/noticia\/?p=171240"},"modified":"2019-03-05T16:51:27","modified_gmt":"2019-03-05T19:51:27","slug":"resumo-novela-as-aventuras-de-poliana-06-03-poliana-desabafa-com-luisa-sobre-a-ausencia-de-joao","status":"publish","type":"post","link":"https:\/\/www.redenoticia.com.br\/noticia\/2019\/resumo-novela-as-aventuras-de-poliana-06-03-poliana-desabafa-com-luisa-sobre-a-ausencia-de-joao\/171240","title":{"rendered":"Resumo novela \u201cAs Aventuras de Poliana\u201d 06\/03: Poliana desabafa com Lu\u00edsa sobre a aus\u00eancia de Jo\u00e3o"},"content":{"rendered":"<p><strong><em><img loading=\"lazy\" decoding=\"async\" class=\"aligncenter size-large wp-image-148662\" src=\"https:\/\/www.redenoticia.com.br\/noticia\/imagens\/as-aventuras-de-poliana-novela-400x267.jpg\" alt=\"\" width=\"400\" height=\"267\" srcset=\"https:\/\/www.redenoticia.com.br\/noticia\/imagens\/as-aventuras-de-poliana-novela-400x267.jpg 400w, https:\/\/www.redenoticia.com.br\/noticia\/imagens\/as-aventuras-de-poliana-novela-250x167.jpg 250w, https:\/\/www.redenoticia.com.br\/noticia\/imagens\/as-aventuras-de-poliana-novela-150x100.jpg 150w, https:\/\/www.redenoticia.com.br\/noticia\/imagens\/as-aventuras-de-poliana-novela.jpg 600w\" sizes=\"auto, (max-width: 400px) 100vw, 400px\" \/>Resumo novela \u201cAs Aventuras de Poliana\u201d 06\/03 <\/em><\/strong>: no cap\u00edtulo 211(*) da novela, resumo de quarta-feira, 06 de mar\u00e7o, Afonso diz a Marcelo discutem e Lu\u00edsa manda o ex-namorado embora de sua casa, rejeitando-o. Jo\u00e3o \u00e9 perseguido pelos capangas de Rato. Lu\u00edsa fica pensativa e incomoda Afonso. Nanci conta a Ant\u00f4nio tudo o que aconteceu na sala. Ver\u00f4nica v\u00ea Guilherme trabalhando na padaria. Marcelo desabafa com Gl\u00f3ria, dizendo que demorou demais para terminar com D\u00e9bora e perdeu Lu\u00edsa de vez. Jo\u00e3o consegue entrar no pr\u00e9dio de Filipa e escapa dos capangas.<\/p>\n<p>\u00c9ric e Bento v\u00e3o \u00e0 casa de Kessya para fazerem um trabalho da escola. Enquanto isso, Poliana, Luigi e Yasmin fazem o mesmo, na casa de Luigi. Jo\u00e3o, escondido no quarto de Filipa, v\u00ea a menina chorar por sentir falta de Yasmin. Sentadas na padaria, D\u00e9bora conta para Ver\u00f4nica que quer voltar a dar aulas para ficar perto de Marcelo. Vini, incomodado, pergunta \u00e0 Gabi o que ela viu nele.<\/p>\n<p>Roger chega \u00e0 padaria. Poliana, chorando, desabafa com Lu\u00edsa sobre a aus\u00eancia de Jo\u00e3o. Kessya pergunta \u00e0 \u00c9ric se ele vai ou n\u00e3o voltar \u00e0 dan\u00e7ar. Yasmin pergunta \u00e0 Claudia se ela quer ajuda para limpar \u00e0 casa, que fica surpresa com a atitude da filha. Luca perde v\u00e1rios seguidores na internet e decide fazer um v\u00eddeo de desculpas \u00e0 Jeff.<\/p>\n<p>(*) edi\u00e7\u00e3o do SBT, Novela \u201cAs Aventuras de Poliana\u201d, sujeito a altera\u00e7\u00e3o de data e conte\u00fado.<\/p>\n<p>Poliana \u00e9 uma menina extrovertida e de bom cora\u00e7\u00e3o que viajava o Brasil com seus pais, Lorenzo e Alice, no grupo circense Trupe Vagalume. Aos onze anos a garota v\u00ea seu mundo desabar quando seus pais falecem e ela tem que ir morar em S\u00e3o Paulo com sua tia Lu\u00edsa, uma mulher rica e severa, a qual ela n\u00e3o conhecia e que n\u00e3o queria cuidar dela, embora sinta que \u00e9 sua obriga\u00e7\u00e3o pela alma de sua irm\u00e3. Apesar do jeito da rigidez da tia, Poliana decide ter uma vis\u00e3o positiva e inabal\u00e1vel da vida, mesmo nos momentos de dificuldade, tentando levar um pouco de felicidade para a vida de cada um dos seus novos amigos e vizinhos, como o Sr. Pendleton, um homem rico e infeliz por nunca ter tido filhos. Ela vai estudar no col\u00e9gio de Ruth, uma diretora de bom cora\u00e7\u00e3o que a ajuda a se adaptar, mas tem que lidar com as vilanias de Mirela, garota mais velha que n\u00e3o aceita perder a popularidade para uma novata.<\/p>\n","protected":false},"excerpt":{"rendered":"<p>Resumo novela \u201cAs Aventuras de Poliana\u201d 06\/03 : no cap\u00edtulo 211(*) da novela, resumo de quarta-feira, 06 de mar\u00e7o, Afonso diz a Marcelo discutem e Lu\u00edsa manda o ex-namorado embora de sua casa, rejeitando-o. Jo\u00e3o \u00e9 perseguido pelos capangas de Rato. Lu\u00edsa fica pensativa e incomoda Afonso. Nanci conta a Ant\u00f4nio tudo o que aconteceu [&hellip;]<\/p>\n","protected":false},"author":4,"featured_media":148663,"comment_status":"open","ping_status":"closed","sticky":false,"template":"","format":"standard","meta":{"_genesis_hide_title":false,"_genesis_hide_breadcrumbs":false,"_genesis_hide_singular_image":false,"_genesis_hide_footer_widgets":false,"_genesis_custom_body_class":"","_genesis_custom_post_class":"","_genesis_layout":"","_jetpack_memberships_contains_paid_content":false,"footnotes":""},"categories":[477,379,372,343],"tags":[441],"class_list":{"0":"post-171240","1":"post","2":"type-post","3":"status-publish","4":"format-standard","5":"has-post-thumbnail","7":"category-as-aventuras-de-poliana","8":"category-novelas","9":"category-sbt","10":"category-televisao","11":"tag-resumo-do-dia","12":"entry","13":"gs-1","14":"gs-odd","15":"gs-even","16":"gs-featured-content-entry"},"jetpack_featured_media_url":"https:\/\/www.redenoticia.com.br\/noticia\/imagens\/as-aventuras-de-poliana-sbt.jpg","jetpack_sharing_enabled":true,"jetpack_likes_enabled":true,"_links":{"self":[{"href":"https:\/\/www.redenoticia.com.br\/noticia\/wp-json\/wp\/v2\/posts\/171240","targetHints":{"allow":["GET"]}}],"collection":[{"href":"https:\/\/www.redenoticia.com.br\/noticia\/wp-json\/wp\/v2\/posts"}],"about":[{"href":"https:\/\/www.redenoticia.com.br\/noticia\/wp-json\/wp\/v2\/types\/post"}],"author":[{"embeddable":true,"href":"https:\/\/www.redenoticia.com.br\/noticia\/wp-json\/wp\/v2\/users\/4"}],"replies":[{"embeddable":true,"href":"https:\/\/www.redenoticia.com.br\/noticia\/wp-json\/wp\/v2\/comments?post=171240"}],"version-history":[{"count":0,"href":"https:\/\/www.redenoticia.com.br\/noticia\/wp-json\/wp\/v2\/posts\/171240\/revisions"}],"wp:featuredmedia":[{"embeddable":true,"href":"https:\/\/www.redenoticia.com.br\/noticia\/wp-json\/wp\/v2\/media\/148663"}],"wp:attachment":[{"href":"https:\/\/www.redenoticia.com.br\/noticia\/wp-json\/wp\/v2\/media?parent=171240"}],"wp:term":[{"taxonomy":"category","embeddable":true,"href":"https:\/\/www.redenoticia.com.br\/noticia\/wp-json\/wp\/v2\/categories?post=171240"},{"taxonomy":"post_tag","embeddable":true,"href":"https:\/\/www.redenoticia.com.br\/noticia\/wp-json\/wp\/v2\/tags?post=171240"}],"curies":[{"name":"wp","href":"https:\/\/api.w.org\/{rel}","templated":true}]}}