{"id":171236,"date":"2019-03-05T16:47:04","date_gmt":"2019-03-05T19:47:04","guid":{"rendered":"https:\/\/www.redenoticia.com.br\/noticia\/?p=171236"},"modified":"2019-03-05T16:47:16","modified_gmt":"2019-03-05T19:47:16","slug":"resumo-novela-teresa-06-03-teresa-descobre-que-pode-ficar-tetraplegica","status":"publish","type":"post","link":"https:\/\/www.redenoticia.com.br\/noticia\/2019\/resumo-novela-teresa-06-03-teresa-descobre-que-pode-ficar-tetraplegica\/171236","title":{"rendered":"Resumo novela \u201cTeresa\u201d 06\/03: Teresa descobre que pode ficar tetrapl\u00e9gica"},"content":{"rendered":"<p><strong><em><img loading=\"lazy\" decoding=\"async\" class=\"aligncenter size-large wp-image-153986\" src=\"https:\/\/www.redenoticia.com.br\/noticia\/imagens\/teresa-sbt-360x300.jpg\" alt=\"\" width=\"360\" height=\"300\" srcset=\"https:\/\/www.redenoticia.com.br\/noticia\/imagens\/teresa-sbt-360x300.jpg 360w, https:\/\/www.redenoticia.com.br\/noticia\/imagens\/teresa-sbt-224x187.jpg 224w, https:\/\/www.redenoticia.com.br\/noticia\/imagens\/teresa-sbt-150x125.jpg 150w, https:\/\/www.redenoticia.com.br\/noticia\/imagens\/teresa-sbt.jpg 503w\" sizes=\"auto, (max-width: 360px) 100vw, 360px\" \/>Resumo novela \u201cTeresa\u201d 06\/03 <\/em><\/strong>: no cap\u00edtulo 107(*) da novela, quarta-feira, 06 de mar\u00e7o, Mariano diz a Arthur que Teresa pode n\u00e3o mais se mover dos ombros para baixo. Arthur o sacode e diz que certamente isso \u00e9 mais uma de suas inven\u00e7\u00f5es por estar doido pela rejei\u00e7\u00e3o de Teresa. Mariano responde que quem dera fosse uma inven\u00e7\u00e3o, mas infelizmente n\u00e3o \u00e9. Armando se sente culpado por Teresa estar a beira da morte. Aurora diz a seu pai que ela e Martin decidiram se casar. A\u00edda pergunta a Mariano se \u00e9 verdade que Teresa pode ficar tetrapl\u00e9gica. A\u00edda completa dizendo que se for verdade, mesmo odiando Teresa, se sentiria mal pela situa\u00e7\u00e3o.<\/p>\n<p>Mariano pergunta a A\u00edda quem a contou isso. Ela diz que foi Magda. Mariano se zanga, pois esse era um assunto confidencial. Genoveva diz a Rubens que Teresa est\u00e1 \u00e0 beira da morte e o melhor seria que morresse logo para que pague por todo o dano que fez a tanta gente. Rubens diz a A\u00edda que o agrada que ela e Mariano sejam noivos. Ao encontrar Mariano junto a Teresa, Arthur o agradece, mas pede que de agora em diante deixe o caso nas m\u00e3os do Doutor Alcazar. Mariano diz que o respeita. Aurora diz a Joana que vai se casar com Martin e deseja que ela a acompanhe como se fosse sua m\u00e3e.<\/p>\n<p>A\u00edda pede a Mariano voltem a ser namorados, mas ele se nega. Furiosa, A\u00edda diz que a agrada muito que Teresa fique paral\u00edtica para o resto da vida. Teresa ouve e fica hist\u00e9rica. Mariano tenta tranquiliz\u00e1-la. A\u00edda, sorrindo, diz a Oriana e Genoveva que Teresa ficar\u00e1 tetrapl\u00e9gica. Oriana responde que ser\u00e1 um golpe e tanto em seu orgulho, e que agora ela ficar\u00e1 impossibilitada de enredar outros homens. O Doutor Alcazar faz um teste em Teresa para checar sua sensibilidade nos membros inferiores, mas ela responde que n\u00e3o sente nada.<\/p>\n<p>(*) edi\u00e7\u00e3o do SBT, Novela \u201cTeresa\u201d, sujeito a altera\u00e7\u00e3o de data e conte\u00fado.<\/p>\n<p>&#8220;Teresa&#8221; \u00e9 uma jovem dominada pela ambi\u00e7\u00e3o, mas n\u00e3o est\u00e1 disposta a trabalhar para melhorar sua condi\u00e7\u00e3o social e opta pelo caminho do engano e da trai\u00e7\u00e3o. Seus pais fizeram um grande sacrif\u00edcio para lhe dar uma vida digna e sem car\u00eancias, mas para ela nada \u00e9 suficiente. Mariano est\u00e1 loucamente apaixonado por ela, a apoia incondicionalmente e est\u00e1 sempre a sua disposi\u00e7\u00e3o. Mas ela, apesar de gostar de Mariano, o v\u00ea apenas como algo de sua propriedade. Sempre que tem oportunidade, deixa o jovem para ir atr\u00e1s de homens com poder e fortuna. Ela s\u00f3 volta a ficar com ele quando sabe que h\u00e1 outras mulheres interessadas.<\/p>\n","protected":false},"excerpt":{"rendered":"<p>Resumo novela \u201cTeresa\u201d 06\/03 : no cap\u00edtulo 107(*) da novela, quarta-feira, 06 de mar\u00e7o, Mariano diz a Arthur que Teresa pode n\u00e3o mais se mover dos ombros para baixo. Arthur o sacode e diz que certamente isso \u00e9 mais uma de suas inven\u00e7\u00f5es por estar doido pela rejei\u00e7\u00e3o de Teresa. Mariano responde que quem dera [&hellip;]<\/p>\n","protected":false},"author":4,"featured_media":82052,"comment_status":"open","ping_status":"closed","sticky":false,"template":"","format":"standard","meta":{"_genesis_hide_title":false,"_genesis_hide_breadcrumbs":false,"_genesis_hide_singular_image":false,"_genesis_hide_footer_widgets":false,"_genesis_custom_body_class":"","_genesis_custom_post_class":"","_genesis_layout":"","_jetpack_memberships_contains_paid_content":false,"footnotes":""},"categories":[379,372,343],"tags":[441],"class_list":{"0":"post-171236","1":"post","2":"type-post","3":"status-publish","4":"format-standard","5":"has-post-thumbnail","7":"category-novelas","8":"category-sbt","9":"category-televisao","10":"tag-resumo-do-dia","11":"entry","12":"gs-1","13":"gs-odd","14":"gs-even","15":"gs-featured-content-entry"},"jetpack_featured_media_url":"https:\/\/www.redenoticia.com.br\/noticia\/imagens\/teresa_resumo_novela_sbt_capitulo.jpg","jetpack_sharing_enabled":true,"jetpack_likes_enabled":true,"_links":{"self":[{"href":"https:\/\/www.redenoticia.com.br\/noticia\/wp-json\/wp\/v2\/posts\/171236","targetHints":{"allow":["GET"]}}],"collection":[{"href":"https:\/\/www.redenoticia.com.br\/noticia\/wp-json\/wp\/v2\/posts"}],"about":[{"href":"https:\/\/www.redenoticia.com.br\/noticia\/wp-json\/wp\/v2\/types\/post"}],"author":[{"embeddable":true,"href":"https:\/\/www.redenoticia.com.br\/noticia\/wp-json\/wp\/v2\/users\/4"}],"replies":[{"embeddable":true,"href":"https:\/\/www.redenoticia.com.br\/noticia\/wp-json\/wp\/v2\/comments?post=171236"}],"version-history":[{"count":0,"href":"https:\/\/www.redenoticia.com.br\/noticia\/wp-json\/wp\/v2\/posts\/171236\/revisions"}],"wp:featuredmedia":[{"embeddable":true,"href":"https:\/\/www.redenoticia.com.br\/noticia\/wp-json\/wp\/v2\/media\/82052"}],"wp:attachment":[{"href":"https:\/\/www.redenoticia.com.br\/noticia\/wp-json\/wp\/v2\/media?parent=171236"}],"wp:term":[{"taxonomy":"category","embeddable":true,"href":"https:\/\/www.redenoticia.com.br\/noticia\/wp-json\/wp\/v2\/categories?post=171236"},{"taxonomy":"post_tag","embeddable":true,"href":"https:\/\/www.redenoticia.com.br\/noticia\/wp-json\/wp\/v2\/tags?post=171236"}],"curies":[{"name":"wp","href":"https:\/\/api.w.org\/{rel}","templated":true}]}}