{"id":171195,"date":"2019-03-04T13:40:40","date_gmt":"2019-03-04T16:40:40","guid":{"rendered":"https:\/\/www.redenoticia.com.br\/noticia\/?p=171195"},"modified":"2019-03-04T13:40:43","modified_gmt":"2019-03-04T16:40:43","slug":"resumo-novela-as-aventuras-de-poliana-05-03-marcelo-se-declara-para-luisa","status":"publish","type":"post","link":"https:\/\/www.redenoticia.com.br\/noticia\/2019\/resumo-novela-as-aventuras-de-poliana-05-03-marcelo-se-declara-para-luisa\/171195","title":{"rendered":"Resumo novela \u201cAs Aventuras de Poliana\u201d 05\/03: Marcelo se declara para Lu\u00edsa"},"content":{"rendered":"<p><strong><em><img loading=\"lazy\" decoding=\"async\" class=\"aligncenter size-large wp-image-148662\" src=\"https:\/\/www.redenoticia.com.br\/noticia\/imagens\/as-aventuras-de-poliana-novela-400x267.jpg\" alt=\"\" width=\"400\" height=\"267\" srcset=\"https:\/\/www.redenoticia.com.br\/noticia\/imagens\/as-aventuras-de-poliana-novela-400x267.jpg 400w, https:\/\/www.redenoticia.com.br\/noticia\/imagens\/as-aventuras-de-poliana-novela-250x167.jpg 250w, https:\/\/www.redenoticia.com.br\/noticia\/imagens\/as-aventuras-de-poliana-novela-150x100.jpg 150w, https:\/\/www.redenoticia.com.br\/noticia\/imagens\/as-aventuras-de-poliana-novela.jpg 600w\" sizes=\"auto, (max-width: 400px) 100vw, 400px\" \/>Resumo novela \u201cAs Aventuras de Poliana\u201d 05\/03 <\/em><\/strong>: no cap\u00edtulo 210(*) da novela, resumo de ter\u00e7a-feira, 05 de mar\u00e7o, Hel\u00f4 diz a Gl\u00f3ria que Luca precisa, ao menos, de uma suspens\u00e3o pela mentira que contou. Ruth exige que Luca grave um v\u00eddeo se desculpando pelo que fez a Jeff. Marcelo conta a Iuri que est\u00e1 solteiro.Gl\u00f3ria vai \u00e0 casa de Ver\u00f4nica e v\u00ea D\u00e9bora, fazendo provoca\u00e7\u00f5es com a ex-nora. Buscando por informa\u00e7\u00f5es de Pendleton e Otto, o clubinho MaGaBeLo encontra v\u00e1rias fotos antigas na casa de m\u00e1quinas. Yasmin despreza Filipa.<\/p>\n<p>O plano de Cl\u00e1udia d\u00e1 certo, mas Nadine escuta tudo. S\u00e9rgio consegue dizer a Pendleton o que Roger anda fazendo com ele. Lorena entrega a Marcelo uma foto antiga dele e de Lu\u00edsa juntos. Lorena diz \u00e0 Poliana que sabe onde Jo\u00e3o est\u00e1. Durval coloca regras para Guilherme e Raquel poderem trabalhar juntos. Raquel pede \u00e0 Mirela que ela saia da r\u00e1dio e acabe com sua amizade com Luca Tuber. Gl\u00f3ria visita Lu\u00edsa e conta que Marcelo terminou seu relacionamento com D\u00e9bora.<\/p>\n<p>Luca vai \u00e0 padaria e provoca Jefferson. Gleyce reclama com Ruth sobre a forma com a qual Jeff foi tratado. Nadine conta a Roger sobre o plano dele e de Claudia. Luca e Mirela discutem. Roger promove Waldisney e diz a S\u00e9rgio que ele pode trabalhar em outra fun\u00e7\u00e3o diretamente de sua casa. Marcelo vai \u00e0 casa de Lu\u00edsa em busca de Jo\u00e3o e se declara para Lu\u00edsa, dizendo que ela \u00e9 a mulher da vida dele. Afonso chega.<\/p>\n<p>(*) edi\u00e7\u00e3o do SBT, Novela \u201cAs Aventuras de Poliana\u201d, sujeito a altera\u00e7\u00e3o de data e conte\u00fado.<\/p>\n<p>Poliana \u00e9 uma menina extrovertida e de bom cora\u00e7\u00e3o que viajava o Brasil com seus pais, Lorenzo e Alice, no grupo circense Trupe Vagalume. Aos onze anos a garota v\u00ea seu mundo desabar quando seus pais falecem e ela tem que ir morar em S\u00e3o Paulo com sua tia Lu\u00edsa, uma mulher rica e severa, a qual ela n\u00e3o conhecia e que n\u00e3o queria cuidar dela, embora sinta que \u00e9 sua obriga\u00e7\u00e3o pela alma de sua irm\u00e3. Apesar do jeito da rigidez da tia, Poliana decide ter uma vis\u00e3o positiva e inabal\u00e1vel da vida, mesmo nos momentos de dificuldade, tentando levar um pouco de felicidade para a vida de cada um dos seus novos amigos e vizinhos, como o Sr. Pendleton, um homem rico e infeliz por nunca ter tido filhos. Ela vai estudar no col\u00e9gio de Ruth, uma diretora de bom cora\u00e7\u00e3o que a ajuda a se adaptar, mas tem que lidar com as vilanias de Mirela, garota mais velha que n\u00e3o aceita perder a popularidade para uma novata.<\/p>\n","protected":false},"excerpt":{"rendered":"<p>Resumo novela \u201cAs Aventuras de Poliana\u201d 05\/03 : no cap\u00edtulo 210(*) da novela, resumo de ter\u00e7a-feira, 05 de mar\u00e7o, Hel\u00f4 diz a Gl\u00f3ria que Luca precisa, ao menos, de uma suspens\u00e3o pela mentira que contou. Ruth exige que Luca grave um v\u00eddeo se desculpando pelo que fez a Jeff. Marcelo conta a Iuri que est\u00e1 [&hellip;]<\/p>\n","protected":false},"author":4,"featured_media":148663,"comment_status":"open","ping_status":"closed","sticky":false,"template":"","format":"standard","meta":{"_genesis_hide_title":false,"_genesis_hide_breadcrumbs":false,"_genesis_hide_singular_image":false,"_genesis_hide_footer_widgets":false,"_genesis_custom_body_class":"","_genesis_custom_post_class":"","_genesis_layout":"","_jetpack_memberships_contains_paid_content":false,"footnotes":""},"categories":[477,379,372,343],"tags":[441],"class_list":{"0":"post-171195","1":"post","2":"type-post","3":"status-publish","4":"format-standard","5":"has-post-thumbnail","7":"category-as-aventuras-de-poliana","8":"category-novelas","9":"category-sbt","10":"category-televisao","11":"tag-resumo-do-dia","12":"entry","13":"gs-1","14":"gs-odd","15":"gs-even","16":"gs-featured-content-entry"},"jetpack_featured_media_url":"https:\/\/www.redenoticia.com.br\/noticia\/imagens\/as-aventuras-de-poliana-sbt.jpg","jetpack_sharing_enabled":true,"jetpack_likes_enabled":true,"_links":{"self":[{"href":"https:\/\/www.redenoticia.com.br\/noticia\/wp-json\/wp\/v2\/posts\/171195","targetHints":{"allow":["GET"]}}],"collection":[{"href":"https:\/\/www.redenoticia.com.br\/noticia\/wp-json\/wp\/v2\/posts"}],"about":[{"href":"https:\/\/www.redenoticia.com.br\/noticia\/wp-json\/wp\/v2\/types\/post"}],"author":[{"embeddable":true,"href":"https:\/\/www.redenoticia.com.br\/noticia\/wp-json\/wp\/v2\/users\/4"}],"replies":[{"embeddable":true,"href":"https:\/\/www.redenoticia.com.br\/noticia\/wp-json\/wp\/v2\/comments?post=171195"}],"version-history":[{"count":0,"href":"https:\/\/www.redenoticia.com.br\/noticia\/wp-json\/wp\/v2\/posts\/171195\/revisions"}],"wp:featuredmedia":[{"embeddable":true,"href":"https:\/\/www.redenoticia.com.br\/noticia\/wp-json\/wp\/v2\/media\/148663"}],"wp:attachment":[{"href":"https:\/\/www.redenoticia.com.br\/noticia\/wp-json\/wp\/v2\/media?parent=171195"}],"wp:term":[{"taxonomy":"category","embeddable":true,"href":"https:\/\/www.redenoticia.com.br\/noticia\/wp-json\/wp\/v2\/categories?post=171195"},{"taxonomy":"post_tag","embeddable":true,"href":"https:\/\/www.redenoticia.com.br\/noticia\/wp-json\/wp\/v2\/tags?post=171195"}],"curies":[{"name":"wp","href":"https:\/\/api.w.org\/{rel}","templated":true}]}}