{"id":171101,"date":"2019-03-03T11:17:50","date_gmt":"2019-03-03T14:17:50","guid":{"rendered":"https:\/\/www.redenoticia.com.br\/noticia\/?p=171101"},"modified":"2019-03-03T11:17:53","modified_gmt":"2019-03-03T14:17:53","slug":"resumo-novela-o-setimo-guardiao-04-03-gabriel-afirma-que-luz-leu-o-livro-da-irmandade","status":"publish","type":"post","link":"https:\/\/www.redenoticia.com.br\/noticia\/2019\/resumo-novela-o-setimo-guardiao-04-03-gabriel-afirma-que-luz-leu-o-livro-da-irmandade\/171101","title":{"rendered":"Resumo novela \u201cO S\u00e9timo Guardi\u00e3o\u201d 04\/03: Gabriel afirma que Luz leu o livro da Irmandade"},"content":{"rendered":"<p><strong><em><img loading=\"lazy\" decoding=\"async\" class=\"aligncenter size-large wp-image-159064\" src=\"https:\/\/www.redenoticia.com.br\/noticia\/imagens\/o-setimo-guardiao-121-334x300.jpg\" alt=\"\" width=\"334\" height=\"300\" srcset=\"https:\/\/www.redenoticia.com.br\/noticia\/imagens\/o-setimo-guardiao-121-334x300.jpg 334w, https:\/\/www.redenoticia.com.br\/noticia\/imagens\/o-setimo-guardiao-121-208x187.jpg 208w, https:\/\/www.redenoticia.com.br\/noticia\/imagens\/o-setimo-guardiao-121-150x135.jpg 150w, https:\/\/www.redenoticia.com.br\/noticia\/imagens\/o-setimo-guardiao-121.jpg 548w\" sizes=\"auto, (max-width: 334px) 100vw, 334px\" \/>Resumo novela \u201cO S\u00e9timo Guardi\u00e3o\u201d 04\/03 <\/em><\/strong>: no cap\u00edtulo 097(*) da novela, resumo segunda-feira, 04 de mar\u00e7o, Valentina pede que Sampaio tire Laura de sua casa. Murilo pensa em Valentina. Luz conta para S\u00f3stenes que Laura dormiu com Gabriel. Roseane n\u00e3o deixa Patr\u00edcio falar com Liliane. Walid conta para Afrodite a conversa que teve com Nicolau sobre Diana. Gabriel afirma a Murilo que Luz leu o livro da Irmandade. Luz conta para S\u00f3stenes sobre a fonte. Olavo fala com Lourdes Maria sobre Laura, e Geandro sente ci\u00fames.<\/p>\n<p>Olavo vai \u00e0 delegacia. Rivalda reage com despeito quando Diana mostra seu trof\u00e9u. Afrodite imp\u00f5e condi\u00e7\u00f5es para Nicolau ser o empres\u00e1rio de Diana. Aranha fica feliz em falar com Stella. Sampaio exige de Valentina seu pagamento por ter cumprido suas ordens. Luz vai \u00e0 delegacia contar que esteve com Laura antes de ela desaparecer.<\/p>\n<p>(*) edi\u00e7\u00e3o da Rede Globo, Novela \u201cO S\u00e9timo Guardi\u00e3o\u201d, sujeito a altera\u00e7\u00e3o de data e conte\u00fado.<\/p>\n<p>Sinopse \u201cO S\u00e9timo Guardi\u00e3o\u201d: \u00c0 primeira vista, Serro Azul pode parecer apenas mais uma t\u00edpica cidade do interior, pacata e cercada por montanhas, onde avan\u00e7os tecnol\u00f3gicos como internet e telefonia celular ainda n\u00e3o chegaram. Um lugar pelo qual quem passa n\u00e3o d\u00e1 muita aten\u00e7\u00e3o, sem saber o que est\u00e1 perdendo, afinal, uma cidade que \u00e9 vizinha de Greenville e Tubiancanga n\u00e3o poderia deixar de ter suas peculiaridades. A principal delas \u00e9 uma fonte com propriedades curativas e rejuvenescedoras, que \u00e9 a parte mais externa de um gigantesco aqu\u00edfero, uma enorme reserva daquilo que a cada dia se torna o bem mais precioso da Terra: a \u00e1gua. Essa fonte \u00e9 protegida por sete guardi\u00e3es que t\u00eam como miss\u00e3o garantir que essa riqueza n\u00e3o chegue \u00e0s m\u00e3os erradas.<\/p>\n","protected":false},"excerpt":{"rendered":"<p>Resumo novela \u201cO S\u00e9timo Guardi\u00e3o\u201d 04\/03 : no cap\u00edtulo 097(*) da novela, resumo segunda-feira, 04 de mar\u00e7o, Valentina pede que Sampaio tire Laura de sua casa. Murilo pensa em Valentina. Luz conta para S\u00f3stenes que Laura dormiu com Gabriel. Roseane n\u00e3o deixa Patr\u00edcio falar com Liliane. Walid conta para Afrodite a conversa que teve com [&hellip;]<\/p>\n","protected":false},"author":2,"featured_media":154961,"comment_status":"open","ping_status":"closed","sticky":false,"template":"","format":"standard","meta":{"_genesis_hide_title":false,"_genesis_hide_breadcrumbs":false,"_genesis_hide_singular_image":false,"_genesis_hide_footer_widgets":false,"_genesis_custom_body_class":"","_genesis_custom_post_class":"","_genesis_layout":"","_jetpack_memberships_contains_paid_content":false,"footnotes":""},"categories":[379,530,375,343],"tags":[441],"class_list":{"0":"post-171101","1":"post","2":"type-post","3":"status-publish","4":"format-standard","5":"has-post-thumbnail","7":"category-novelas","8":"category-o-setimo-guardiao","9":"category-rede-globo","10":"category-televisao","11":"tag-resumo-do-dia","12":"entry","13":"gs-1","14":"gs-odd","15":"gs-even","16":"gs-featured-content-entry"},"jetpack_featured_media_url":"https:\/\/www.redenoticia.com.br\/noticia\/imagens\/o-setimo-guardiao-1.jpg","jetpack_sharing_enabled":true,"jetpack_likes_enabled":true,"_links":{"self":[{"href":"https:\/\/www.redenoticia.com.br\/noticia\/wp-json\/wp\/v2\/posts\/171101","targetHints":{"allow":["GET"]}}],"collection":[{"href":"https:\/\/www.redenoticia.com.br\/noticia\/wp-json\/wp\/v2\/posts"}],"about":[{"href":"https:\/\/www.redenoticia.com.br\/noticia\/wp-json\/wp\/v2\/types\/post"}],"author":[{"embeddable":true,"href":"https:\/\/www.redenoticia.com.br\/noticia\/wp-json\/wp\/v2\/users\/2"}],"replies":[{"embeddable":true,"href":"https:\/\/www.redenoticia.com.br\/noticia\/wp-json\/wp\/v2\/comments?post=171101"}],"version-history":[{"count":0,"href":"https:\/\/www.redenoticia.com.br\/noticia\/wp-json\/wp\/v2\/posts\/171101\/revisions"}],"wp:featuredmedia":[{"embeddable":true,"href":"https:\/\/www.redenoticia.com.br\/noticia\/wp-json\/wp\/v2\/media\/154961"}],"wp:attachment":[{"href":"https:\/\/www.redenoticia.com.br\/noticia\/wp-json\/wp\/v2\/media?parent=171101"}],"wp:term":[{"taxonomy":"category","embeddable":true,"href":"https:\/\/www.redenoticia.com.br\/noticia\/wp-json\/wp\/v2\/categories?post=171101"},{"taxonomy":"post_tag","embeddable":true,"href":"https:\/\/www.redenoticia.com.br\/noticia\/wp-json\/wp\/v2\/tags?post=171101"}],"curies":[{"name":"wp","href":"https:\/\/api.w.org\/{rel}","templated":true}]}}