{"id":1707,"date":"2009-05-16T17:59:48","date_gmt":"2009-05-16T21:59:48","guid":{"rendered":"http:\/\/www.redenoticia.com.br\/noticia\/?p=1707"},"modified":"2009-05-16T17:59:48","modified_gmt":"2009-05-16T21:59:48","slug":"escola-adao-valdir-lamota-domina-programa-cultural-em-ji-parana","status":"publish","type":"post","link":"https:\/\/www.redenoticia.com.br\/noticia\/2009\/escola-adao-valdir-lamota-domina-programa-cultural-em-ji-parana\/1707","title":{"rendered":"Escola Ad\u00e3o Valdir Lamota domina programa cultural em Ji-Paran\u00e1"},"content":{"rendered":"<p><span style=\"font-family: Arial; color: windowtext;\">Neste domingo (17) a escola municipal Ad\u00e3o Valdir Lamota apresenta seus talentos nos quadros de dan\u00e7a, esporte, leitura, piadas e outros do programa matinal DE BEM COM A VIDA, na Rede Record.<\/span><\/p>\n<p><span style=\"font-family: Arial; color: windowtext;\">Al\u00e9m de mostrar as atividades desenvolvidas na escola, a Diretora Beth\u00e2nia fala como est\u00e1 preparando os Professores e a Comunidade para implantar o per\u00edodo integral \u00e0 partir do pr\u00f3ximo semestre.<\/span><\/p>\n<p><span style=\"font-family: Arial; color: windowtext;\">O programa vai ao ar das 08h00 \u00e0s 10h00 e, al\u00e9m dos quadros educacionais tamb\u00e9m apresentar\u00e1 resumo dos eventos da semana, o quadro ULBRA NOT\u00cdCIAS e j\u00e1 estar\u00e1 recebendo inscri\u00e7\u00f5es para sorteio de um passaporte para a 30\u00aa EXPOJIPA.<\/span><\/p>\n","protected":false},"excerpt":{"rendered":"<p>Neste domingo (17) a escola municipal Ad\u00e3o Valdir Lamota apresenta seus talentos nos quadros de dan\u00e7a, esporte, leitura, piadas e outros do programa matinal DE BEM COM A VIDA, na Rede Record. Al\u00e9m de mostrar as atividades desenvolvidas na escola, a Diretora Beth\u00e2nia fala como est\u00e1 preparando os Professores e a Comunidade para implantar o [&hellip;]<\/p>\n","protected":false},"author":3,"featured_media":0,"comment_status":"open","ping_status":"open","sticky":false,"template":"","format":"standard","meta":{"_genesis_hide_title":false,"_genesis_hide_breadcrumbs":false,"_genesis_hide_singular_image":false,"_genesis_hide_footer_widgets":false,"_genesis_custom_body_class":"","_genesis_custom_post_class":"","_genesis_layout":"","_jetpack_memberships_contains_paid_content":false,"footnotes":""},"categories":[22],"tags":[],"class_list":{"0":"post-1707","1":"post","2":"type-post","3":"status-publish","4":"format-standard","6":"category-brasil","7":"entry","8":"gs-1","9":"gs-odd","10":"gs-even","11":"gs-featured-content-entry"},"jetpack_featured_media_url":"","jetpack_sharing_enabled":true,"jetpack_likes_enabled":true,"_links":{"self":[{"href":"https:\/\/www.redenoticia.com.br\/noticia\/wp-json\/wp\/v2\/posts\/1707","targetHints":{"allow":["GET"]}}],"collection":[{"href":"https:\/\/www.redenoticia.com.br\/noticia\/wp-json\/wp\/v2\/posts"}],"about":[{"href":"https:\/\/www.redenoticia.com.br\/noticia\/wp-json\/wp\/v2\/types\/post"}],"author":[{"embeddable":true,"href":"https:\/\/www.redenoticia.com.br\/noticia\/wp-json\/wp\/v2\/users\/3"}],"replies":[{"embeddable":true,"href":"https:\/\/www.redenoticia.com.br\/noticia\/wp-json\/wp\/v2\/comments?post=1707"}],"version-history":[{"count":0,"href":"https:\/\/www.redenoticia.com.br\/noticia\/wp-json\/wp\/v2\/posts\/1707\/revisions"}],"wp:attachment":[{"href":"https:\/\/www.redenoticia.com.br\/noticia\/wp-json\/wp\/v2\/media?parent=1707"}],"wp:term":[{"taxonomy":"category","embeddable":true,"href":"https:\/\/www.redenoticia.com.br\/noticia\/wp-json\/wp\/v2\/categories?post=1707"},{"taxonomy":"post_tag","embeddable":true,"href":"https:\/\/www.redenoticia.com.br\/noticia\/wp-json\/wp\/v2\/tags?post=1707"}],"curies":[{"name":"wp","href":"https:\/\/api.w.org\/{rel}","templated":true}]}}