{"id":170671,"date":"2019-02-27T14:52:23","date_gmt":"2019-02-27T17:52:23","guid":{"rendered":"https:\/\/www.redenoticia.com.br\/noticia\/?p=170671"},"modified":"2019-02-27T23:19:51","modified_gmt":"2019-02-28T02:19:51","slug":"resumo-novela-espelho-da-vida-28-02-alain-acha-que-gustavo-tirou-a-vida-de-julia-castelo","status":"publish","type":"post","link":"https:\/\/www.redenoticia.com.br\/noticia\/2019\/resumo-novela-espelho-da-vida-28-02-alain-acha-que-gustavo-tirou-a-vida-de-julia-castelo\/170671","title":{"rendered":"Resumo novela \u201cEspelho da Vida\u201d 28\/02: Alain acha que Gustavo tirou a vida de Julia Castelo"},"content":{"rendered":"<p><strong><em><img loading=\"lazy\" decoding=\"async\" class=\"aligncenter size-large wp-image-153376\" src=\"https:\/\/www.redenoticia.com.br\/noticia\/imagens\/espelho-da-vida-001-384x300.jpg\" alt=\"\" width=\"384\" height=\"300\" srcset=\"https:\/\/www.redenoticia.com.br\/noticia\/imagens\/espelho-da-vida-001-384x300.jpg 384w, https:\/\/www.redenoticia.com.br\/noticia\/imagens\/espelho-da-vida-001-239x187.jpg 239w, https:\/\/www.redenoticia.com.br\/noticia\/imagens\/espelho-da-vida-001-150x117.jpg 150w, https:\/\/www.redenoticia.com.br\/noticia\/imagens\/espelho-da-vida-001.jpg 597w\" sizes=\"auto, (max-width: 384px) 100vw, 384px\" \/>Resumo novela \u201cEspelho da Vida\u201d 28\/02 <\/em><\/strong>: no cap\u00edtulo 133(*) da novela, resumo de quinta-feira, 28 de fevereiro, Cris\/Julia sofre diante de Gustavo. Augusto passa mal. Albertina inventa em depoimento que Danilo roubou suas joias. Cris\/Julia garante ao Inspetor que foi ela quem deu as joias a Danilo, e Eug\u00eanio tranca a filha em seu quarto.<\/p>\n<p>Alain comenta com Bola que Gustavo pode ter tirado a vida de Julia Castelo. Cl\u00e1udio e Josi discutem, e Daniela conclui que os dois se gostam. O Inspetor afirma a Eug\u00eanio que Danilo ser\u00e1 transferido para a pris\u00e3o, quando Hildegard chega.<\/p>\n<p>Destaques<\/p>\n<p>(*) edi\u00e7\u00e3o da Rede Globo, Novela \u201cEspelho da Vida\u201d, sujeito a altera\u00e7\u00e3o de data e conte\u00fado.<\/p>\n<p>Cris Val\u00eancia (Vit\u00f3ria Strada) \u00e9 uma atriz de teatro, linda, estudiosa e filha de pais artistas. A jovem \u00e9 idealista e segura de seus objetivos. Sens\u00edvel, acredita em todos que se aproximam, valoriza o amor e vive um romance feliz ao lado de Alain (Jo\u00e3o Vicente de Castro). Incentivadora da carreira do namorado, ela apoia seus projetos e acredita que ele precisa investir na produ\u00e7\u00e3o de um filme rom\u00e2ntico.<\/p>\n<p>Em \u201cEspelho da Vida\u201d, Alain \u00e9 um diretor de TV e cinema bem-sucedido no Rio de Janeiro, muito reconhecido por sua arte. O jovem recebe um pr\u00eamio por seu \u00faltimo curta-metragem e est\u00e1 em busca de novos roteiros para seu primeiro longa de com\u00e9dia.<\/p>\n","protected":false},"excerpt":{"rendered":"<p>Resumo novela \u201cEspelho da Vida\u201d 28\/02 : no cap\u00edtulo 133(*) da novela, resumo de quinta-feira, 28 de fevereiro, Cris\/Julia sofre diante de Gustavo. Augusto passa mal. Albertina inventa em depoimento que Danilo roubou suas joias. Cris\/Julia garante ao Inspetor que foi ela quem deu as joias a Danilo, e Eug\u00eanio tranca a filha em seu [&hellip;]<\/p>\n","protected":false},"author":4,"featured_media":150110,"comment_status":"open","ping_status":"closed","sticky":false,"template":"","format":"standard","meta":{"_genesis_hide_title":false,"_genesis_hide_breadcrumbs":false,"_genesis_hide_singular_image":false,"_genesis_hide_footer_widgets":false,"_genesis_custom_body_class":"","_genesis_custom_post_class":"","_genesis_layout":"","_jetpack_memberships_contains_paid_content":false,"footnotes":""},"categories":[527,379,375,343],"tags":[441],"class_list":{"0":"post-170671","1":"post","2":"type-post","3":"status-publish","4":"format-standard","5":"has-post-thumbnail","7":"category-espelho-da-vida","8":"category-novelas","9":"category-rede-globo","10":"category-televisao","11":"tag-resumo-do-dia","12":"entry","13":"gs-1","14":"gs-odd","15":"gs-even","16":"gs-featured-content-entry"},"jetpack_featured_media_url":"https:\/\/www.redenoticia.com.br\/noticia\/imagens\/Espelho-da-Vida-novela-resumo-globo.jpg","jetpack_sharing_enabled":true,"jetpack_likes_enabled":true,"_links":{"self":[{"href":"https:\/\/www.redenoticia.com.br\/noticia\/wp-json\/wp\/v2\/posts\/170671","targetHints":{"allow":["GET"]}}],"collection":[{"href":"https:\/\/www.redenoticia.com.br\/noticia\/wp-json\/wp\/v2\/posts"}],"about":[{"href":"https:\/\/www.redenoticia.com.br\/noticia\/wp-json\/wp\/v2\/types\/post"}],"author":[{"embeddable":true,"href":"https:\/\/www.redenoticia.com.br\/noticia\/wp-json\/wp\/v2\/users\/4"}],"replies":[{"embeddable":true,"href":"https:\/\/www.redenoticia.com.br\/noticia\/wp-json\/wp\/v2\/comments?post=170671"}],"version-history":[{"count":0,"href":"https:\/\/www.redenoticia.com.br\/noticia\/wp-json\/wp\/v2\/posts\/170671\/revisions"}],"wp:featuredmedia":[{"embeddable":true,"href":"https:\/\/www.redenoticia.com.br\/noticia\/wp-json\/wp\/v2\/media\/150110"}],"wp:attachment":[{"href":"https:\/\/www.redenoticia.com.br\/noticia\/wp-json\/wp\/v2\/media?parent=170671"}],"wp:term":[{"taxonomy":"category","embeddable":true,"href":"https:\/\/www.redenoticia.com.br\/noticia\/wp-json\/wp\/v2\/categories?post=170671"},{"taxonomy":"post_tag","embeddable":true,"href":"https:\/\/www.redenoticia.com.br\/noticia\/wp-json\/wp\/v2\/tags?post=170671"}],"curies":[{"name":"wp","href":"https:\/\/api.w.org\/{rel}","templated":true}]}}