{"id":170665,"date":"2019-02-27T14:46:32","date_gmt":"2019-02-27T17:46:32","guid":{"rendered":"https:\/\/www.redenoticia.com.br\/noticia\/?p=170665"},"modified":"2019-02-27T14:46:35","modified_gmt":"2019-02-27T17:46:35","slug":"resumo-novela-cumplices-de-um-resgate-28-02-isabela-comunica-ao-grupo-que-vai-sair-da-banda-c1r","status":"publish","type":"post","link":"https:\/\/www.redenoticia.com.br\/noticia\/2019\/resumo-novela-cumplices-de-um-resgate-28-02-isabela-comunica-ao-grupo-que-vai-sair-da-banda-c1r\/170665","title":{"rendered":"Resumo novela \u201cC\u00famplices de um Resgate\u201d 28\/02: Isabela comunica ao grupo que vai sair da banda C1R"},"content":{"rendered":"<p><img loading=\"lazy\" decoding=\"async\" class=\"aligncenter size-large wp-image-164526\" src=\"https:\/\/www.redenoticia.com.br\/noticia\/imagens\/cumplices-de-um-resgate-001-316x300.jpg\" alt=\"\" width=\"316\" height=\"300\" srcset=\"https:\/\/www.redenoticia.com.br\/noticia\/imagens\/cumplices-de-um-resgate-001-316x300.jpg 316w, https:\/\/www.redenoticia.com.br\/noticia\/imagens\/cumplices-de-um-resgate-001-197x187.jpg 197w, https:\/\/www.redenoticia.com.br\/noticia\/imagens\/cumplices-de-um-resgate-001-150x143.jpg 150w, https:\/\/www.redenoticia.com.br\/noticia\/imagens\/cumplices-de-um-resgate-001.jpg 526w\" sizes=\"auto, (max-width: 316px) 100vw, 316px\" \/> Resumo novela \u201cC\u00famplices de um Resgate\u201d 28\/02 : no cap\u00edtulo 039(*) da novela, quinta-feira, 28 de fevereiro, Priscila volta para casa e conta para Aurora que fugiu para tentar chamar a aten\u00e7\u00e3o de Safira. No dia seguinte, Safira chega em casa ap\u00f3s saber da fuga de Priscila, mas fica irritada ao saber que abandonou a viagem, mas Priscila j\u00e1 est\u00e1 bem. Vicente diz para Arthur e Geraldo que \u00e9 preocupante saber como os CDs rec\u00e9m gravados j\u00e1 est\u00e3o sendo vendidos na pirataria. Regina n\u00e3o tem mais roupas limpas para vestir e Isabela diz que se ela quiser, que lave as pr\u00f3prias roupas. Geraldo avisa Regina que precisam fazer Isabela voltar para gravadora, pois s\u00f3 assim h\u00e1 motivos para sequestrarem Manuela.<\/p>\n<p>Safira usa a joia que mandou fazer exatamente igual a que Ot\u00e1vio mandou fazer para Rebeca. A mulher manda Lurdinha chamar Rebeca para assinar um novo contrato na empresa. Nina e Fiorina discutem no coreto do vilarejo. Uma mostra a l\u00edngua para a outra e n\u00e3o entram em acordo quanto a quem far\u00e1 o discurso na festa de anivers\u00e1rio do vilarejo, se ser\u00e1 o pastor ou o padre. A comunidade discute no vilarejo. Rebeca vai com Manuela at\u00e9 a cidade. Isabela vai at\u00e9 a gravadora e diz para a banda C\u00famplices de Um Resgate que deixou o grupo.Na reuni\u00e3o da comunidade fica decidido, ap\u00f3s sugest\u00e3o de T\u00e9o, que o Padre e o Pastor far\u00e3o seus discursos juntos. Na On-Enterprise, Safira conseguem executar o plano e exibir o anel em seu dedo.<\/p>\n<p>Rebeca fica abalada e passa a achar que Ot\u00e1vio presenteou a mulher com o anel de compromisso. Manuela vai com a m\u00e3e no shopping com a inten\u00e7\u00e3o de encontrar Isabela. Isabela foge de Manuela. Dami\u00e3o v\u00ea Manuela e pensa ser Isabela. O motorista coloca a menina dentro do carro. Manuela sai correndo e Isabela aparece. Dami\u00e3o fica confuso. Marina e Rebeca se esbarram no shopping. Ot\u00e1vio liga para Rebeca, que n\u00e3o quer atender o empres\u00e1rio.<\/p>\n<p>(*) edi\u00e7\u00e3o do SBT, Novela \u201cC\u00famplices de um Resgate\u201d, sujeito a altera\u00e7\u00e3o de data e conte\u00fado.<\/p>\n","protected":false},"excerpt":{"rendered":"<p>Resumo novela \u201cC\u00famplices de um Resgate\u201d 28\/02 : no cap\u00edtulo 039(*) da novela, quinta-feira, 28 de fevereiro, Priscila volta para casa e conta para Aurora que fugiu para tentar chamar a aten\u00e7\u00e3o de Safira. No dia seguinte, Safira chega em casa ap\u00f3s saber da fuga de Priscila, mas fica irritada ao saber que abandonou a [&hellip;]<\/p>\n","protected":false},"author":4,"featured_media":164526,"comment_status":"open","ping_status":"closed","sticky":false,"template":"","format":"standard","meta":{"_genesis_hide_title":false,"_genesis_hide_breadcrumbs":false,"_genesis_hide_singular_image":false,"_genesis_hide_footer_widgets":false,"_genesis_custom_body_class":"","_genesis_custom_post_class":"","_genesis_layout":"","_jetpack_memberships_contains_paid_content":false,"footnotes":""},"categories":[379,372,343],"tags":[441],"class_list":{"0":"post-170665","1":"post","2":"type-post","3":"status-publish","4":"format-standard","5":"has-post-thumbnail","7":"category-novelas","8":"category-sbt","9":"category-televisao","10":"tag-resumo-do-dia","11":"entry","12":"gs-1","13":"gs-odd","14":"gs-even","15":"gs-featured-content-entry"},"jetpack_featured_media_url":"https:\/\/www.redenoticia.com.br\/noticia\/imagens\/cumplices-de-um-resgate-001.jpg","jetpack_sharing_enabled":true,"jetpack_likes_enabled":true,"_links":{"self":[{"href":"https:\/\/www.redenoticia.com.br\/noticia\/wp-json\/wp\/v2\/posts\/170665","targetHints":{"allow":["GET"]}}],"collection":[{"href":"https:\/\/www.redenoticia.com.br\/noticia\/wp-json\/wp\/v2\/posts"}],"about":[{"href":"https:\/\/www.redenoticia.com.br\/noticia\/wp-json\/wp\/v2\/types\/post"}],"author":[{"embeddable":true,"href":"https:\/\/www.redenoticia.com.br\/noticia\/wp-json\/wp\/v2\/users\/4"}],"replies":[{"embeddable":true,"href":"https:\/\/www.redenoticia.com.br\/noticia\/wp-json\/wp\/v2\/comments?post=170665"}],"version-history":[{"count":0,"href":"https:\/\/www.redenoticia.com.br\/noticia\/wp-json\/wp\/v2\/posts\/170665\/revisions"}],"wp:featuredmedia":[{"embeddable":true,"href":"https:\/\/www.redenoticia.com.br\/noticia\/wp-json\/wp\/v2\/media\/164526"}],"wp:attachment":[{"href":"https:\/\/www.redenoticia.com.br\/noticia\/wp-json\/wp\/v2\/media?parent=170665"}],"wp:term":[{"taxonomy":"category","embeddable":true,"href":"https:\/\/www.redenoticia.com.br\/noticia\/wp-json\/wp\/v2\/categories?post=170665"},{"taxonomy":"post_tag","embeddable":true,"href":"https:\/\/www.redenoticia.com.br\/noticia\/wp-json\/wp\/v2\/tags?post=170665"}],"curies":[{"name":"wp","href":"https:\/\/api.w.org\/{rel}","templated":true}]}}