{"id":1702,"date":"2009-05-16T10:15:06","date_gmt":"2009-05-16T14:15:06","guid":{"rendered":"http:\/\/www.redenoticia.com.br\/noticia\/?p=1702"},"modified":"2009-05-16T10:15:06","modified_gmt":"2009-05-16T14:15:06","slug":"estudantes-brasileiros-participam-de-avaliacao-internacional-para-medir-qualidade-da-educacao","status":"publish","type":"post","link":"https:\/\/www.redenoticia.com.br\/noticia\/2009\/estudantes-brasileiros-participam-de-avaliacao-internacional-para-medir-qualidade-da-educacao\/1702","title":{"rendered":"Estudantes brasileiros participam de avalia\u00e7\u00e3o internacional para medir qualidade da educa\u00e7\u00e3o"},"content":{"rendered":"<p><span style=\"font-family: Arial;\"><\/span><span style=\"font-family: Arial; color: windowtext;\"><a href=\"https:\/\/www.redenoticia.com.br\/noticia\/imagens\/\/brasil.jpg\"><img loading=\"lazy\" decoding=\"async\" class=\"alignleft size-medium wp-image-1701\" title=\"brasil\" src=\"https:\/\/www.redenoticia.com.br\/noticia\/imagens\/\/brasil-249x187.jpg\" alt=\"brasil\" width=\"249\" height=\"187\" \/><\/a>Cerca de 50 mil estudantes brasileiros v\u00e3o participam, entre os dias 25 e 29 deste m\u00eas, do Programa Internacional de Avalia\u00e7\u00e3o de Alunos (Pisa). A prova \u00e9 um exame amostral aplicado a cada tr\u00eas anos pela Organiza\u00e7\u00e3o para Coopera\u00e7\u00e3o e Desenvolvimento Econ\u00f4mico (OCE). O objetivo \u00e9 fornecer aos pa\u00edses participantes indicadores educacionais que possam ser comparados internacionalmente. Este ano, 65 pa\u00edses participam do Pisa.<\/span><\/p>\n<p class=\"western\"><span style=\"font-size: 12pt; font-family: Arial; color: windowtext;\">O Instituto Nacional de Estudos e Pesquisas Educacionais (Inep), ligado ao Minist\u00e9rio da Educa\u00e7\u00e3o, \u00e9 o respons\u00e1vel pela aplica\u00e7\u00e3o da prova no Brasil. Os alunos selecionados s\u00e3o de 990 escolas p\u00fablicas e privadas, rurais e urbanas de 587 munic\u00edpios. Os participantes devem ter 15 anos e estar cursando s\u00e9ries entre os dois \u00faltimos anos do ensino fundamental ou o ensino m\u00e9dio. <\/span><\/p>\n<p class=\"western\"><span style=\"font-size: 12pt; font-family: Arial; color: windowtext;\">Na Am\u00e9rica do Sul, al\u00e9m do Brasil, participam do Pisa em 2009 a Argentina, o Chile, a Col\u00f4mbia, o Peru e o Uruguai. Segundo o Inep, este ano o exame ter\u00e1 \u00eanfase em leitura, ci\u00eancias e matem\u00e1tica. <\/span><\/p>\n<p class=\"western\"><span style=\"font-size: 12pt; font-family: Arial; color: windowtext;\">Os resultados ser\u00e3o divulgados pela OCDE em dezembro de 2010. <\/span><\/p>\n<p class=\"MsoNormal\" style=\"margin-bottom: 12pt;\"><span class=\"assinatura11\"><span style=\"font-size: 8.5pt; font-family: Arial;\">Amanda Cieglinski <\/span><\/span><span style=\"font-family: Arial;\"><br \/>\n<\/span><span class=\"assinatura11\"><em><span style=\"font-size: 8.5pt; font-family: Arial;\">Rep\u00f3rter da Ag\u00eancia Brasil<\/span><\/em><\/span><span class=\"assinatura11\"><span style=\"font-size: 8.5pt; font-family: Arial;\"> <\/span><\/span><span style=\"font-family: Arial;\"><\/span><\/p>\n","protected":false},"excerpt":{"rendered":"<p>Cerca de 50 mil estudantes brasileiros v\u00e3o participam, entre os dias 25 e 29 deste m\u00eas, do Programa Internacional de Avalia\u00e7\u00e3o de Alunos (Pisa). A prova \u00e9 um exame amostral aplicado a cada tr\u00eas anos pela Organiza\u00e7\u00e3o para Coopera\u00e7\u00e3o e Desenvolvimento Econ\u00f4mico (OCE). O objetivo \u00e9 fornecer aos pa\u00edses participantes indicadores educacionais que possam ser [&hellip;]<\/p>\n","protected":false},"author":3,"featured_media":0,"comment_status":"open","ping_status":"open","sticky":false,"template":"","format":"standard","meta":{"_genesis_hide_title":false,"_genesis_hide_breadcrumbs":false,"_genesis_hide_singular_image":false,"_genesis_hide_footer_widgets":false,"_genesis_custom_body_class":"","_genesis_custom_post_class":"","_genesis_layout":"","_jetpack_memberships_contains_paid_content":false,"footnotes":""},"categories":[22],"tags":[],"class_list":{"0":"post-1702","1":"post","2":"type-post","3":"status-publish","4":"format-standard","6":"category-brasil","7":"entry","8":"gs-1","9":"gs-odd","10":"gs-even","11":"gs-featured-content-entry"},"jetpack_featured_media_url":"","jetpack_sharing_enabled":true,"jetpack_likes_enabled":true,"_links":{"self":[{"href":"https:\/\/www.redenoticia.com.br\/noticia\/wp-json\/wp\/v2\/posts\/1702","targetHints":{"allow":["GET"]}}],"collection":[{"href":"https:\/\/www.redenoticia.com.br\/noticia\/wp-json\/wp\/v2\/posts"}],"about":[{"href":"https:\/\/www.redenoticia.com.br\/noticia\/wp-json\/wp\/v2\/types\/post"}],"author":[{"embeddable":true,"href":"https:\/\/www.redenoticia.com.br\/noticia\/wp-json\/wp\/v2\/users\/3"}],"replies":[{"embeddable":true,"href":"https:\/\/www.redenoticia.com.br\/noticia\/wp-json\/wp\/v2\/comments?post=1702"}],"version-history":[{"count":0,"href":"https:\/\/www.redenoticia.com.br\/noticia\/wp-json\/wp\/v2\/posts\/1702\/revisions"}],"wp:attachment":[{"href":"https:\/\/www.redenoticia.com.br\/noticia\/wp-json\/wp\/v2\/media?parent=1702"}],"wp:term":[{"taxonomy":"category","embeddable":true,"href":"https:\/\/www.redenoticia.com.br\/noticia\/wp-json\/wp\/v2\/categories?post=1702"},{"taxonomy":"post_tag","embeddable":true,"href":"https:\/\/www.redenoticia.com.br\/noticia\/wp-json\/wp\/v2\/tags?post=1702"}],"curies":[{"name":"wp","href":"https:\/\/api.w.org\/{rel}","templated":true}]}}