{"id":170160,"date":"2019-02-21T23:29:10","date_gmt":"2019-02-22T02:29:10","guid":{"rendered":"https:\/\/www.redenoticia.com.br\/noticia\/?p=170160"},"modified":"2019-02-24T23:50:00","modified_gmt":"2019-02-25T02:50:00","slug":"enquete-bbb-19-votacao-quem-elana-deve-indicar-para-o-paredao","status":"publish","type":"post","link":"https:\/\/www.redenoticia.com.br\/noticia\/2019\/enquete-bbb-19-votacao-quem-elana-deve-indicar-para-o-paredao\/170160","title":{"rendered":"Enquete \u201cBBB\u201d 19 vota\u00e7\u00e3o: quem Elana deve indicar para o pared\u00e3o"},"content":{"rendered":"\n<div class=\"wp-block-image\"><figure class=\"aligncenter\"><img loading=\"lazy\" decoding=\"async\" width=\"400\" height=\"205\" src=\"https:\/\/www.redenoticia.com.br\/noticia\/imagens\/BBB-enquete-votacao-400x205.jpg\" alt=\"\" class=\"wp-image-166033\" srcset=\"https:\/\/www.redenoticia.com.br\/noticia\/imagens\/BBB-enquete-votacao-400x205.jpg 400w, https:\/\/www.redenoticia.com.br\/noticia\/imagens\/BBB-enquete-votacao-250x128.jpg 250w, https:\/\/www.redenoticia.com.br\/noticia\/imagens\/BBB-enquete-votacao-768x393.jpg 768w, https:\/\/www.redenoticia.com.br\/noticia\/imagens\/BBB-enquete-votacao-696x356.jpg 696w, https:\/\/www.redenoticia.com.br\/noticia\/imagens\/BBB-enquete-votacao-150x77.jpg 150w, https:\/\/www.redenoticia.com.br\/noticia\/imagens\/BBB-enquete-votacao-560x287.jpg 560w, https:\/\/www.redenoticia.com.br\/noticia\/imagens\/BBB-enquete-votacao.jpg 885w\" sizes=\"auto, (max-width: 400px) 100vw, 400px\" \/><\/figure><\/div>\n\n\n<p><strong><em>&#8220;BBB&#8221; 19 enquete (Prova do L\u00edder 21\/02)<\/em><\/strong>: Isabella atendeu o Big Fone, indicou Alan para o pared\u00e3o e se livrou das correntes. Os L\u00edderes Danrley e Elana vetaram Isabella, Carolina e Paula da Prova do L\u00edder Alvo: Usando \u00f3culos com lentes que distorcem a vis\u00e3o, cada participante precisou acertar bolas coloridas no buraco correto. Ao avan\u00e7arem nas rodadas, os brothers conquistaram \u00f3culos com lentes perfeitas. Elana ganhou a lideran\u00e7a e 10 mil reais.<\/p>\n<p>Participe da enquete sobre a indica\u00e7\u00e3o do L\u00edder para o pared\u00e3o.<\/p>\n<p><script type=\"text\/javascript\" charset=\"utf-8\" data-cfasync=\"false\" src=\"https:\/\/secure.polldaddy.com\/p\/10246693.js\"><\/script><br><noscript><a href=\"https:\/\/poll.fm\/10246693\">Enquete \u201cBBB\u201d 19 vota\u00e7\u00e3o: quem Elana deve indicar para o pared\u00e3o<\/a><\/noscript><\/p>\n<p> Ela indicou Isabella para o pared\u00e3o.<\/p>\n<p>Se voc\u00ea n\u00e3o est\u00e1 vendo a enquete, clique no link &#8211; <a href=\"https:\/\/www.redenoticia.com.br\/noticia\/2019\/enquete-bbb-19-votacao-quem-elana-deve-indicar-para-o-paredao\/170160\">Enquete \u201cBBB\u201d 19 vota\u00e7\u00e3o: quem Elana deve indicar para o pared\u00e3o<\/a><\/p>\n<p>Destaques&nbsp;&nbsp;<\/p>\n<p><a href=\"https:\/\/www.redenoticia.com.br\/noticia\/2019\/bbb-19-votacao-em-alan-isabella-e-tereza-movimenta-a-enquete\/170390\">\u201cBBB\u201d 19: vota\u00e7\u00e3o em Alan, Isabella e Tereza movimenta a enquete<\/a><\/p>\n<p><a href=\"https:\/\/www.redenoticia.com.br\/noticia\/2019\/diario-bbb-19-provas-de-imunidade-e-super-paredao\/165697\">Di\u00e1rio \u201cBBB\u201d 19<\/a><br><a href=\"https:\/\/www.redenoticia.com.br\/noticia\/2019\/bbb-19-enquete-quem-merece-vencer-o-programa\/165063\">\u201cBBB\u201d 19 enquete: quem merece vencer o programa<\/a><br><a href=\"https:\/\/www.redenoticia.com.br\/noticia\/2019\/bbb-19-prova-do-anjo-e-castigo-do-monstro\/166973\">&#8220;BBB&#8221; 19: prova do Anjo e Castigo do Monstro<\/a><\/p>\n<p>Perfil dos confinados:<\/p>\n<p>Alan &#8211; empres\u00e1rio e administrador, o brother, de Crici\u00fama (SC), tem 26 anos e \u00e9 considerado mulherengo pela fam\u00edlia.<\/p>\n<p>Carolina &#8211; a baiana tem 33 anos, \u00e9 publicit\u00e1ria e empres\u00e1ria. O seu amuleto \u00e9 dar &#8220;Bom dia&#8221; ao sol.<\/p>\n<p>Danrley &#8211; brother mais jovem da edi\u00e7\u00e3o. O carioca tem 19 anos, cursa Biologia e vende picol\u00e9 na praia nos fins de semana.<\/p>\n<p>Elana &#8211; tem 25 anos, \u00e9 engenheira agr\u00f4noma e mora no sert\u00e3o do Piau\u00ed. Seu primeiro banho de chuveiro foi aos seis anos de idade.<\/p>\n<p>Gabriela &#8211; com 32 anos, a sister mora em Ribeir\u00e3o Preto e \u00e9 designer gr\u00e1fica e percussionista. \u00c9 f\u00e3 de Beyonc\u00e9 e imitava as Spice Girls na inf\u00e2ncia.<\/p>\n<p>Hariany &#8211; mora em Senador Canedo, Goi\u00e1s, tem 21 anos, estuda Design de Moda e sonha em ser famosa. A sister j\u00e1 ficou com tr\u00eas sertanejos famosos.<\/p>\n<p>Isabella &#8211; com 24 anos, a sister \u00e9 de Natal\/RN e morou at\u00e9 os sete anos da It\u00e1lia. Foi Miss Natal 2014.<\/p>\n<p>Paula &#8211; Bacharel em Direito, tem 28 anos, \u00e9 de Lagoa Santa, Minas Gerais. A sister \u00e9 dona de uma porca, a Pippa.<\/p>\n<p>R\u00edzia &#8211; de 24 anos. A alagoana, de S\u00e3o Miguel dos Campos, luta por quest\u00f5es sociais. \u00c9 apaixonada por fotografia.<\/p>\n<p>Rodrigo &#8211; tem 40 anos, \u00e9 trig\u00eameo e defende a representatividade dos negros. O carioca ensinou a av\u00f3 a ler.<\/p>\n<p>Tereza &#8211; pernambucana, tem 52 anos e j\u00e1 se casou seis vezes. Para o seu filho, a participante compartilhava o sonho de entrar no &#8220;BBB&#8221;.<\/p>\n<p>Fonte e imagem &#8220;BBB&#8221; 19 Rede Globo<\/p>","protected":false},"excerpt":{"rendered":"<p>&#8220;BBB&#8221; 19 enquete (Prova do L\u00edder 21\/02): Isabella atendeu o Big Fone, indicou Alan para o pared\u00e3o e se livrou das correntes. Os L\u00edderes Danrley e Elana vetaram Isabella, Carolina e Paula da Prova do L\u00edder Alvo: Usando \u00f3culos com lentes que distorcem a vis\u00e3o, cada participante precisou acertar bolas coloridas no buraco correto. Ao [&hellip;]<\/p>\n","protected":false},"author":2,"featured_media":166031,"comment_status":"open","ping_status":"closed","sticky":false,"template":"","format":"standard","meta":{"_genesis_hide_title":false,"_genesis_hide_breadcrumbs":false,"_genesis_hide_singular_image":false,"_genesis_hide_footer_widgets":false,"_genesis_custom_body_class":"","_genesis_custom_post_class":"","_genesis_layout":"","_jetpack_memberships_contains_paid_content":false,"footnotes":""},"categories":[520,388,375,343],"tags":[466,521],"class_list":{"0":"post-170160","1":"post","2":"type-post","3":"status-publish","4":"format-standard","5":"has-post-thumbnail","7":"category-big-brother-brasil","8":"category-destaques","9":"category-rede-globo","10":"category-televisao","11":"tag-bbb","12":"tag-enquete","13":"entry","14":"gs-1","15":"gs-odd","16":"gs-even","17":"gs-featured-content-entry"},"jetpack_featured_media_url":"https:\/\/www.redenoticia.com.br\/noticia\/imagens\/BBB-enquete-votacao-resultado-001.jpg","jetpack_sharing_enabled":true,"jetpack_likes_enabled":true,"_links":{"self":[{"href":"https:\/\/www.redenoticia.com.br\/noticia\/wp-json\/wp\/v2\/posts\/170160","targetHints":{"allow":["GET"]}}],"collection":[{"href":"https:\/\/www.redenoticia.com.br\/noticia\/wp-json\/wp\/v2\/posts"}],"about":[{"href":"https:\/\/www.redenoticia.com.br\/noticia\/wp-json\/wp\/v2\/types\/post"}],"author":[{"embeddable":true,"href":"https:\/\/www.redenoticia.com.br\/noticia\/wp-json\/wp\/v2\/users\/2"}],"replies":[{"embeddable":true,"href":"https:\/\/www.redenoticia.com.br\/noticia\/wp-json\/wp\/v2\/comments?post=170160"}],"version-history":[{"count":0,"href":"https:\/\/www.redenoticia.com.br\/noticia\/wp-json\/wp\/v2\/posts\/170160\/revisions"}],"wp:featuredmedia":[{"embeddable":true,"href":"https:\/\/www.redenoticia.com.br\/noticia\/wp-json\/wp\/v2\/media\/166031"}],"wp:attachment":[{"href":"https:\/\/www.redenoticia.com.br\/noticia\/wp-json\/wp\/v2\/media?parent=170160"}],"wp:term":[{"taxonomy":"category","embeddable":true,"href":"https:\/\/www.redenoticia.com.br\/noticia\/wp-json\/wp\/v2\/categories?post=170160"},{"taxonomy":"post_tag","embeddable":true,"href":"https:\/\/www.redenoticia.com.br\/noticia\/wp-json\/wp\/v2\/tags?post=170160"}],"curies":[{"name":"wp","href":"https:\/\/api.w.org\/{rel}","templated":true}]}}