{"id":170094,"date":"2019-02-21T19:47:34","date_gmt":"2019-02-21T22:47:34","guid":{"rendered":"https:\/\/www.redenoticia.com.br\/noticia\/?p=170094"},"modified":"2019-02-21T20:06:25","modified_gmt":"2019-02-21T23:06:25","slug":"novela-o-setimo-guardiao-neide-ve-murilo-aos-beijos-com-valentina","status":"publish","type":"post","link":"https:\/\/www.redenoticia.com.br\/noticia\/2019\/novela-o-setimo-guardiao-neide-ve-murilo-aos-beijos-com-valentina\/170094","title":{"rendered":"Novela \u201cO S\u00e9timo Guardi\u00e3o\u201d: Neide v\u00ea Murilo aos beijos com Valentina"},"content":{"rendered":"<p><strong><em><img loading=\"lazy\" decoding=\"async\" class=\"aligncenter size-large wp-image-159066\" src=\"https:\/\/www.redenoticia.com.br\/noticia\/imagens\/o-setimo-guardiao-119-301x300.jpg\" alt=\"\" width=\"301\" height=\"300\" srcset=\"https:\/\/www.redenoticia.com.br\/noticia\/imagens\/o-setimo-guardiao-119-301x300.jpg 301w, https:\/\/www.redenoticia.com.br\/noticia\/imagens\/o-setimo-guardiao-119-188x187.jpg 188w, https:\/\/www.redenoticia.com.br\/noticia\/imagens\/o-setimo-guardiao-119-150x150.jpg 150w, https:\/\/www.redenoticia.com.br\/noticia\/imagens\/o-setimo-guardiao-119.jpg 520w\" sizes=\"auto, (max-width: 301px) 100vw, 301px\" \/>Novela &#8220;O S\u00e9timo Guardi\u00e3o\u201d:<\/em><\/strong> Firmina (Guida Viana) manda Neide (Viviane Ara\u00fajo) procurar Murilo (Eduardo Moscovis) para confirmar se ele \u00e9 o pai do beb\u00ea que ela teve. Logo depois, Neide sai atr\u00e1s de Murilo e o v\u00ea beijando Valentina (Lilia Cabral).<\/p>\n<p>De volta para casa, Firmina questiona: &#8220;Me fala, era o pai da sua filha ou n\u00e3o?&#8230; N\u00e3o foi l\u00e1 falar com o homem, criatura? Vai dizer que bateu timidez na hora?&#8221;. Neide inventa uma mentira: &#8220;\u00c9 que&#8230; Ele dobrou uma esquina e eu o perdi de vista, tenho culpa se o homem sumiu? Voltei correndo pra n\u00e3o deixar a senhora sozinha. A\u00ed perdi o f\u00f4lego.&#8221;. Cena prevista para 01 de mar\u00e7o na Novela \u201cO S\u00e9timo Guardi\u00e3o\u201d.<\/p>\n<p>Destaque<\/p>\n<p>&#8212;<br \/>\nSinopse \u201cO S\u00e9timo Guardi\u00e3o\u201d: \u00c0 primeira vista, Serro Azul pode parecer apenas mais uma t\u00edpica cidade do interior, pacata e cercada por montanhas, onde avan\u00e7os tecnol\u00f3gicos como internet e telefonia celular ainda n\u00e3o chegaram. Um lugar pelo qual quem passa n\u00e3o d\u00e1 muita aten\u00e7\u00e3o, sem saber o que est\u00e1 perdendo, afinal, uma cidade que \u00e9 vizinha de Greenville e Tubiancanga n\u00e3o poderia deixar de ter suas peculiaridades. A principal delas \u00e9 uma fonte com propriedades curativas e rejuvenescedoras, que \u00e9 a parte mais externa de um gigantesco aqu\u00edfero, uma enorme reserva daquilo que a cada dia se torna o bem mais precioso da Terra: a \u00e1gua. Essa fonte \u00e9 protegida por sete guardi\u00e3es que t\u00eam como miss\u00e3o garantir que essa riqueza n\u00e3o chegue \u00e0s m\u00e3os erradas.<\/p>\n","protected":false},"excerpt":{"rendered":"<p>Novela &#8220;O S\u00e9timo Guardi\u00e3o\u201d: Firmina (Guida Viana) manda Neide (Viviane Ara\u00fajo) procurar Murilo (Eduardo Moscovis) para confirmar se ele \u00e9 o pai do beb\u00ea que ela teve. Logo depois, Neide sai atr\u00e1s de Murilo e o v\u00ea beijando Valentina (Lilia Cabral). De volta para casa, Firmina questiona: &#8220;Me fala, era o pai da sua filha [&hellip;]<\/p>\n","protected":false},"author":2,"featured_media":170100,"comment_status":"open","ping_status":"closed","sticky":false,"template":"","format":"standard","meta":{"_genesis_hide_title":false,"_genesis_hide_breadcrumbs":false,"_genesis_hide_singular_image":false,"_genesis_hide_footer_widgets":false,"_genesis_custom_body_class":"","_genesis_custom_post_class":"","_genesis_layout":"","_jetpack_memberships_contains_paid_content":false,"footnotes":""},"categories":[379,530,375,343],"tags":[440],"class_list":{"0":"post-170094","1":"post","2":"type-post","3":"status-publish","4":"format-standard","5":"has-post-thumbnail","7":"category-novelas","8":"category-o-setimo-guardiao","9":"category-rede-globo","10":"category-televisao","11":"tag-noticia-novela","12":"entry","13":"gs-1","14":"gs-odd","15":"gs-even","16":"gs-featured-content-entry"},"jetpack_featured_media_url":"https:\/\/www.redenoticia.com.br\/noticia\/imagens\/o-setimo-guardiao-124.jpg","jetpack_sharing_enabled":true,"jetpack_likes_enabled":true,"_links":{"self":[{"href":"https:\/\/www.redenoticia.com.br\/noticia\/wp-json\/wp\/v2\/posts\/170094","targetHints":{"allow":["GET"]}}],"collection":[{"href":"https:\/\/www.redenoticia.com.br\/noticia\/wp-json\/wp\/v2\/posts"}],"about":[{"href":"https:\/\/www.redenoticia.com.br\/noticia\/wp-json\/wp\/v2\/types\/post"}],"author":[{"embeddable":true,"href":"https:\/\/www.redenoticia.com.br\/noticia\/wp-json\/wp\/v2\/users\/2"}],"replies":[{"embeddable":true,"href":"https:\/\/www.redenoticia.com.br\/noticia\/wp-json\/wp\/v2\/comments?post=170094"}],"version-history":[{"count":0,"href":"https:\/\/www.redenoticia.com.br\/noticia\/wp-json\/wp\/v2\/posts\/170094\/revisions"}],"wp:featuredmedia":[{"embeddable":true,"href":"https:\/\/www.redenoticia.com.br\/noticia\/wp-json\/wp\/v2\/media\/170100"}],"wp:attachment":[{"href":"https:\/\/www.redenoticia.com.br\/noticia\/wp-json\/wp\/v2\/media?parent=170094"}],"wp:term":[{"taxonomy":"category","embeddable":true,"href":"https:\/\/www.redenoticia.com.br\/noticia\/wp-json\/wp\/v2\/categories?post=170094"},{"taxonomy":"post_tag","embeddable":true,"href":"https:\/\/www.redenoticia.com.br\/noticia\/wp-json\/wp\/v2\/tags?post=170094"}],"curies":[{"name":"wp","href":"https:\/\/api.w.org\/{rel}","templated":true}]}}