{"id":170093,"date":"2019-02-21T19:48:29","date_gmt":"2019-02-21T22:48:29","guid":{"rendered":"https:\/\/www.redenoticia.com.br\/noticia\/?p=170093"},"modified":"2019-02-21T20:05:33","modified_gmt":"2019-02-21T23:05:33","slug":"novela-o-setimo-guardiao-nicolau-assume-que-escondeu-a-convocacao-de-bebeto","status":"publish","type":"post","link":"https:\/\/www.redenoticia.com.br\/noticia\/2019\/novela-o-setimo-guardiao-nicolau-assume-que-escondeu-a-convocacao-de-bebeto\/170093","title":{"rendered":"Novela \u201cO S\u00e9timo Guardi\u00e3o\u201d: Nicolau assume que escondeu a convoca\u00e7\u00e3o de Bebeto"},"content":{"rendered":"<p><strong><em><img loading=\"lazy\" decoding=\"async\" class=\"aligncenter size-large wp-image-159064\" src=\"https:\/\/www.redenoticia.com.br\/noticia\/imagens\/o-setimo-guardiao-121-334x300.jpg\" alt=\"\" width=\"334\" height=\"300\" srcset=\"https:\/\/www.redenoticia.com.br\/noticia\/imagens\/o-setimo-guardiao-121-334x300.jpg 334w, https:\/\/www.redenoticia.com.br\/noticia\/imagens\/o-setimo-guardiao-121-208x187.jpg 208w, https:\/\/www.redenoticia.com.br\/noticia\/imagens\/o-setimo-guardiao-121-150x135.jpg 150w, https:\/\/www.redenoticia.com.br\/noticia\/imagens\/o-setimo-guardiao-121.jpg 548w\" sizes=\"auto, (max-width: 334px) 100vw, 334px\" \/>Novela &#8220;O S\u00e9timo Guardi\u00e3o\u201d:<\/em><\/strong> Bebeto (Eduardo Speroni) faz um teste na academia de dan\u00e7a de Greenville e aguarda uma carta com o resultado e a convoca\u00e7\u00e3o para o curso.&nbsp;Nicolau (Marcelo Serrado) recebe o documento e esconde. Dias depois, Sueli Fusco, diretora da Dance Academy, aparece no quiosque de lanches a procura do jovem. Nicolau desconversa: &#8220;Roberto? Eu&#8230; Na?o conhec?o ningue?m com esse nome por aqui&#8221;.<\/p>\n<p>Afrodite o desmente: &#8220;Como na?o, Nicolau? Vai bancar o desmemoriado agora? O Roberto Zerzil e? nosso filho&#8230; So? porque a senhora e? la? da academia de danc?a, vai renegar o filho? Fingir que na?o conhece? So? falta dizer que na?o o fez&#8221;. Nicolau tem um ataque e a manda ir embora. Sueli Fusco anuncia: &#8220;O Bebeto foi aprovado no primeiro teste de danc?a. Demonstrou sem nenhuma du?vida que tinha talento para a danc?a. Dai? mandamos a convocac?a?o para o teste final aqui para o quiosque como ele pediu, mas na?o tivemos nenhuma resposta&#8221;.<\/p>\n<p>Nicolau esclarece que escondeu a convoca\u00e7\u00e3o. Bebeto ouve e discute com o pai. Afrodite insiste para que a escola de dan\u00e7a d\u00ea uma chance ao seu filho e&nbsp;Sueli acata: &#8220;Um dos valores fundamentais na nossa academia e? esse mesmo. A justic?a na luta por um lugar. E, realmente, Bebeto na?o pode ficar fora de jogo, se nem teve a chance de participar dele. Seu filho vai ter a chance dele, sim&#8221;. Cena prevista para 05 de mar\u00e7o na Novela \u201cO S\u00e9timo Guardi\u00e3o\u201d.<\/p>\n<p>Destaque<\/p>\n<p>Sinopse \u201cO S\u00e9timo Guardi\u00e3o\u201d: \u00c0 primeira vista, Serro Azul pode parecer apenas mais uma t\u00edpica cidade do interior, pacata e cercada por montanhas, onde avan\u00e7os tecnol\u00f3gicos como internet e telefonia celular ainda n\u00e3o chegaram. Um lugar pelo qual quem passa n\u00e3o d\u00e1 muita aten\u00e7\u00e3o, sem saber o que est\u00e1 perdendo, afinal, uma cidade que \u00e9 vizinha de Greenville e Tubiancanga n\u00e3o poderia deixar de ter suas peculiaridades. A principal delas \u00e9 uma fonte com propriedades curativas e rejuvenescedoras, que \u00e9 a parte mais externa de um gigantesco aqu\u00edfero, uma enorme reserva daquilo que a cada dia se torna o bem mais precioso da Terra: a \u00e1gua. Essa fonte \u00e9 protegida por sete guardi\u00e3es que t\u00eam como miss\u00e3o garantir que essa riqueza n\u00e3o chegue \u00e0s m\u00e3os erradas.<\/p>\n","protected":false},"excerpt":{"rendered":"<p>Novela &#8220;O S\u00e9timo Guardi\u00e3o\u201d: Bebeto (Eduardo Speroni) faz um teste na academia de dan\u00e7a de Greenville e aguarda uma carta com o resultado e a convoca\u00e7\u00e3o para o curso.&nbsp;Nicolau (Marcelo Serrado) recebe o documento e esconde. Dias depois, Sueli Fusco, diretora da Dance Academy, aparece no quiosque de lanches a procura do jovem. Nicolau desconversa: [&hellip;]<\/p>\n","protected":false},"author":2,"featured_media":154961,"comment_status":"open","ping_status":"closed","sticky":false,"template":"","format":"standard","meta":{"_genesis_hide_title":false,"_genesis_hide_breadcrumbs":false,"_genesis_hide_singular_image":false,"_genesis_hide_footer_widgets":false,"_genesis_custom_body_class":"","_genesis_custom_post_class":"","_genesis_layout":"","_jetpack_memberships_contains_paid_content":false,"footnotes":""},"categories":[379,530,375,343],"tags":[440],"class_list":{"0":"post-170093","1":"post","2":"type-post","3":"status-publish","4":"format-standard","5":"has-post-thumbnail","7":"category-novelas","8":"category-o-setimo-guardiao","9":"category-rede-globo","10":"category-televisao","11":"tag-noticia-novela","12":"entry","13":"gs-1","14":"gs-odd","15":"gs-even","16":"gs-featured-content-entry"},"jetpack_featured_media_url":"https:\/\/www.redenoticia.com.br\/noticia\/imagens\/o-setimo-guardiao-1.jpg","jetpack_sharing_enabled":true,"jetpack_likes_enabled":true,"_links":{"self":[{"href":"https:\/\/www.redenoticia.com.br\/noticia\/wp-json\/wp\/v2\/posts\/170093","targetHints":{"allow":["GET"]}}],"collection":[{"href":"https:\/\/www.redenoticia.com.br\/noticia\/wp-json\/wp\/v2\/posts"}],"about":[{"href":"https:\/\/www.redenoticia.com.br\/noticia\/wp-json\/wp\/v2\/types\/post"}],"author":[{"embeddable":true,"href":"https:\/\/www.redenoticia.com.br\/noticia\/wp-json\/wp\/v2\/users\/2"}],"replies":[{"embeddable":true,"href":"https:\/\/www.redenoticia.com.br\/noticia\/wp-json\/wp\/v2\/comments?post=170093"}],"version-history":[{"count":0,"href":"https:\/\/www.redenoticia.com.br\/noticia\/wp-json\/wp\/v2\/posts\/170093\/revisions"}],"wp:featuredmedia":[{"embeddable":true,"href":"https:\/\/www.redenoticia.com.br\/noticia\/wp-json\/wp\/v2\/media\/154961"}],"wp:attachment":[{"href":"https:\/\/www.redenoticia.com.br\/noticia\/wp-json\/wp\/v2\/media?parent=170093"}],"wp:term":[{"taxonomy":"category","embeddable":true,"href":"https:\/\/www.redenoticia.com.br\/noticia\/wp-json\/wp\/v2\/categories?post=170093"},{"taxonomy":"post_tag","embeddable":true,"href":"https:\/\/www.redenoticia.com.br\/noticia\/wp-json\/wp\/v2\/tags?post=170093"}],"curies":[{"name":"wp","href":"https:\/\/api.w.org\/{rel}","templated":true}]}}