{"id":170091,"date":"2019-02-21T19:06:59","date_gmt":"2019-02-21T22:06:59","guid":{"rendered":"https:\/\/www.redenoticia.com.br\/noticia\/?p=170091"},"modified":"2019-02-21T20:07:34","modified_gmt":"2019-02-21T23:07:34","slug":"novela-espelho-da-vida-julia-se-apavora-com-atitude-de-gustavo","status":"publish","type":"post","link":"https:\/\/www.redenoticia.com.br\/noticia\/2019\/novela-espelho-da-vida-julia-se-apavora-com-atitude-de-gustavo\/170091","title":{"rendered":"Novela \u201cEspelho da Vida\u201d: J\u00falia se apavora com atitude de Gustavo"},"content":{"rendered":"<p><strong><em><img loading=\"lazy\" decoding=\"async\" class=\"aligncenter size-large wp-image-161604\" src=\"https:\/\/www.redenoticia.com.br\/noticia\/imagens\/espelho-da-vida-006-336x300.jpg\" alt=\"\" width=\"336\" height=\"300\" srcset=\"https:\/\/www.redenoticia.com.br\/noticia\/imagens\/espelho-da-vida-006-336x300.jpg 336w, https:\/\/www.redenoticia.com.br\/noticia\/imagens\/espelho-da-vida-006-209x187.jpg 209w, https:\/\/www.redenoticia.com.br\/noticia\/imagens\/espelho-da-vida-006.jpg 569w\" sizes=\"auto, (max-width: 336px) 100vw, 336px\" \/>Novela \u201cEspelho da Vida\u201d:<\/em><\/strong> Danilo (Rafael Cardoso) \u00e9 preso sob a acusa\u00e7\u00e3o de roubar joias de Cris\/Julia (Vit\u00f3ria Strada).&nbsp;Eugenio (Felipe Camargo) prende a filha no quarto e amea\u00e7a matar Danilo, se a jovem n\u00e3o se casar com&nbsp;Gustavo Bruno (Jo\u00e3o Vicente de Castro)<\/p>\n<p>J\u00falia concorda com o casamento para proteger Danilo. Enquanto isso, Gustavo Bruno revela a Maristela (Let\u00edcia Persiles), por quem \u00e9 verdadeiramente apaixonado, que sua inten\u00e7\u00e3o \u00e9 infernizar a vida de Julia.<\/p>\n<p>Logo depois, Gustavo visita a noiva e tenta beij\u00e1-la. J\u00falia fica apavorada, rejeita Gustavo, diz que o marqu\u00eas est\u00e1 proibido de tocar nela e que sente nojo dele. Gustavo fica furioso e J\u00falia avisa que vai se casar porque est\u00e1 sendo obrigada pelo pai. Cena prevista para 02 de mar\u00e7o na Novela \u201cEspelho da Vida\u201d.<\/p>\n<p>Destaque<\/p>\n<p>Sinopse Espelho da Vida\u201d: Cris Val\u00eancia (Vit\u00f3ria Strada) \u00e9 uma atriz de teatro, linda, estudiosa e filha de pais artistas. A jovem \u00e9 idealista e segura de seus objetivos. Sens\u00edvel, acredita em todos que se aproximam, valoriza o amor e vive um romance feliz ao lado de Alain (Jo\u00e3o Vicente de Castro). Incentivadora da carreira do namorado, ela apoia seus projetos e acredita que ele precisa investir na produ\u00e7\u00e3o de um filme rom\u00e2ntico. Em \u201cEspelho da Vida\u201d, Alain \u00e9 um diretor de TV e cinema bem-sucedido no Rio de Janeiro, muito reconhecido por sua arte.<\/p>\n","protected":false},"excerpt":{"rendered":"<p>Novela \u201cEspelho da Vida\u201d: Danilo (Rafael Cardoso) \u00e9 preso sob a acusa\u00e7\u00e3o de roubar joias de Cris\/Julia (Vit\u00f3ria Strada).&nbsp;Eugenio (Felipe Camargo) prende a filha no quarto e amea\u00e7a matar Danilo, se a jovem n\u00e3o se casar com&nbsp;Gustavo Bruno (Jo\u00e3o Vicente de Castro) J\u00falia concorda com o casamento para proteger Danilo. Enquanto isso, Gustavo Bruno revela [&hellip;]<\/p>\n","protected":false},"author":2,"featured_media":161599,"comment_status":"open","ping_status":"closed","sticky":false,"template":"","format":"standard","meta":{"_genesis_hide_title":false,"_genesis_hide_breadcrumbs":false,"_genesis_hide_singular_image":false,"_genesis_hide_footer_widgets":false,"_genesis_custom_body_class":"","_genesis_custom_post_class":"","_genesis_layout":"","_jetpack_memberships_contains_paid_content":false,"footnotes":""},"categories":[388,527,379,375,343],"tags":[440],"class_list":{"0":"post-170091","1":"post","2":"type-post","3":"status-publish","4":"format-standard","5":"has-post-thumbnail","7":"category-destaques","8":"category-espelho-da-vida","9":"category-novelas","10":"category-rede-globo","11":"category-televisao","12":"tag-noticia-novela","13":"entry","14":"gs-1","15":"gs-odd","16":"gs-even","17":"gs-featured-content-entry"},"jetpack_featured_media_url":"https:\/\/www.redenoticia.com.br\/noticia\/imagens\/espelho-da-vida-011.jpg","jetpack_sharing_enabled":true,"jetpack_likes_enabled":true,"_links":{"self":[{"href":"https:\/\/www.redenoticia.com.br\/noticia\/wp-json\/wp\/v2\/posts\/170091","targetHints":{"allow":["GET"]}}],"collection":[{"href":"https:\/\/www.redenoticia.com.br\/noticia\/wp-json\/wp\/v2\/posts"}],"about":[{"href":"https:\/\/www.redenoticia.com.br\/noticia\/wp-json\/wp\/v2\/types\/post"}],"author":[{"embeddable":true,"href":"https:\/\/www.redenoticia.com.br\/noticia\/wp-json\/wp\/v2\/users\/2"}],"replies":[{"embeddable":true,"href":"https:\/\/www.redenoticia.com.br\/noticia\/wp-json\/wp\/v2\/comments?post=170091"}],"version-history":[{"count":0,"href":"https:\/\/www.redenoticia.com.br\/noticia\/wp-json\/wp\/v2\/posts\/170091\/revisions"}],"wp:featuredmedia":[{"embeddable":true,"href":"https:\/\/www.redenoticia.com.br\/noticia\/wp-json\/wp\/v2\/media\/161599"}],"wp:attachment":[{"href":"https:\/\/www.redenoticia.com.br\/noticia\/wp-json\/wp\/v2\/media?parent=170091"}],"wp:term":[{"taxonomy":"category","embeddable":true,"href":"https:\/\/www.redenoticia.com.br\/noticia\/wp-json\/wp\/v2\/categories?post=170091"},{"taxonomy":"post_tag","embeddable":true,"href":"https:\/\/www.redenoticia.com.br\/noticia\/wp-json\/wp\/v2\/tags?post=170091"}],"curies":[{"name":"wp","href":"https:\/\/api.w.org\/{rel}","templated":true}]}}