{"id":169753,"date":"2019-02-18T23:51:14","date_gmt":"2019-02-19T02:51:14","guid":{"rendered":"https:\/\/www.redenoticia.com.br\/noticia\/?p=169753"},"modified":"2019-02-18T23:51:16","modified_gmt":"2019-02-19T02:51:16","slug":"novela-verao-90-jeronimo-assume-cargo-de-diretor-na-poptv","status":"publish","type":"post","link":"https:\/\/www.redenoticia.com.br\/noticia\/2019\/novela-verao-90-jeronimo-assume-cargo-de-diretor-na-poptv\/169753","title":{"rendered":"Novela \u201cVer\u00e3o 90\u201d: Jer\u00f4nimo assume cargo de diretor na PopTV"},"content":{"rendered":"<p><strong><em><img loading=\"lazy\" decoding=\"async\" class=\"aligncenter size-large wp-image-167197\" src=\"https:\/\/www.redenoticia.com.br\/noticia\/imagens\/verao-90-001-299x300.jpg\" alt=\"\" width=\"299\" height=\"300\" srcset=\"https:\/\/www.redenoticia.com.br\/noticia\/imagens\/verao-90-001-299x300.jpg 299w, https:\/\/www.redenoticia.com.br\/noticia\/imagens\/verao-90-001-186x187.jpg 186w, https:\/\/www.redenoticia.com.br\/noticia\/imagens\/verao-90-001-560x562.jpg 560w, https:\/\/www.redenoticia.com.br\/noticia\/imagens\/verao-90-001.jpg 614w\" sizes=\"auto, (max-width: 299px) 100vw, 299px\" \/>Novela \u201cVer\u00e3o 90\u201d:<\/em><\/strong> Jer\u00f4nimo (Jesu\u00edta Barbosa) acusa o seu irm\u00e3o, Jo\u00e3o (Rafa Vitti), de assassinato, para encobrir os podres da fam\u00edlia Ferreira Lima e o verdadeiro assassino de Nicole (B\u00e1rbara Fran\u00e7a), Quinzinho (Caio Paduan). Ele conta para Mercedes (Totia Meireles) como encobriu o crime de Quinzinho e sugere que merece uma recompensa.<\/p>\n<p>Vanessa (Camila Queiroz) testemunha contra Jo\u00e3o e teme que a verdade apare\u00e7a: \u201cClaro que esse caso do Quinzinho com a Nicole ia vazar! Tirando a ot\u00e1ria da Larissa, todo mundo sabia deles dois! Se o Quinzinho roer a corda, se ele n\u00e3o aguentar a press\u00e3o e confessar que foi ele que empurrou a garota, eu vou pra cadeia por falso testemunho\u201d.<\/p>\n<p>Jer\u00f4nimo ouve Vanessa, recebe uma liga\u00e7\u00e3o de Mercedes e comemora: \u201c&#8230;reuni\u00e3o na PopTV, pra conter a crise. Prazer. Jer\u00f4nimo Guerreiro. O mais novo diretor de programa\u00e7\u00e3o da PopTV. Mas pode me chamar de Roj\u00ea\u201d. Vanessa abra\u00e7a o comparsa.<\/p>\n<p>Sinopse \u201cVer\u00e3o 90\u201d: O Rio de Janeiro da d\u00e9cada de 1990, a cultura efervescente da \u00e9poca, os acontecimentos sociais e pol\u00edticos, a m\u00fasica e a moda est\u00e3o presentes em \u2018Ver\u00e3o 90\u2019, uma com\u00e9dia rom\u00e2ntica, solar e musical, escrita por Izabel de Oliveira e Paula Amaral, com dire\u00e7\u00e3o art\u00edstica de Jorge Fernando. A pr\u00f3xima novela das sete vai mostrar a trajet\u00f3ria de tr\u00eas ex-astros mirins e suas m\u00e3es batalhadoras, Lidiane (Claudia Raia) e Jana\u00edna (Dira Paes), cada uma a seu modo. A previs\u00e3o de estreia \u00e9 para o in\u00edcio de 2019. A hist\u00f3ria rom\u00e2ntica e musical que tem como protagonistas o trio Jo\u00e3o (Jo\u00e3o Bravo\/Rafael Vitti), Manuzita (Melissa N\u00f3brega\/Isabelle Drummond) e Jer\u00f4nimo (Diogo Caruso\/Jesu\u00edta Barbosa).<\/p>\n","protected":false},"excerpt":{"rendered":"<p>Novela \u201cVer\u00e3o 90\u201d: Jer\u00f4nimo (Jesu\u00edta Barbosa) acusa o seu irm\u00e3o, Jo\u00e3o (Rafa Vitti), de assassinato, para encobrir os podres da fam\u00edlia Ferreira Lima e o verdadeiro assassino de Nicole (B\u00e1rbara Fran\u00e7a), Quinzinho (Caio Paduan). Ele conta para Mercedes (Totia Meireles) como encobriu o crime de Quinzinho e sugere que merece uma recompensa. Vanessa (Camila Queiroz) [&hellip;]<\/p>\n","protected":false},"author":2,"featured_media":168049,"comment_status":"open","ping_status":"closed","sticky":false,"template":"","format":"standard","meta":{"_genesis_hide_title":false,"_genesis_hide_breadcrumbs":false,"_genesis_hide_singular_image":false,"_genesis_hide_footer_widgets":false,"_genesis_custom_body_class":"","_genesis_custom_post_class":"","_genesis_layout":"","_jetpack_memberships_contains_paid_content":false,"footnotes":""},"categories":[379,375,343,536],"tags":[440],"class_list":{"0":"post-169753","1":"post","2":"type-post","3":"status-publish","4":"format-standard","5":"has-post-thumbnail","7":"category-novelas","8":"category-rede-globo","9":"category-televisao","10":"category-verao-90","11":"tag-noticia-novela","12":"entry","13":"gs-1","14":"gs-odd","15":"gs-even","16":"gs-featured-content-entry"},"jetpack_featured_media_url":"https:\/\/www.redenoticia.com.br\/noticia\/imagens\/verao-90-novela-resumo-viloes.jpg","jetpack_sharing_enabled":true,"jetpack_likes_enabled":true,"_links":{"self":[{"href":"https:\/\/www.redenoticia.com.br\/noticia\/wp-json\/wp\/v2\/posts\/169753","targetHints":{"allow":["GET"]}}],"collection":[{"href":"https:\/\/www.redenoticia.com.br\/noticia\/wp-json\/wp\/v2\/posts"}],"about":[{"href":"https:\/\/www.redenoticia.com.br\/noticia\/wp-json\/wp\/v2\/types\/post"}],"author":[{"embeddable":true,"href":"https:\/\/www.redenoticia.com.br\/noticia\/wp-json\/wp\/v2\/users\/2"}],"replies":[{"embeddable":true,"href":"https:\/\/www.redenoticia.com.br\/noticia\/wp-json\/wp\/v2\/comments?post=169753"}],"version-history":[{"count":0,"href":"https:\/\/www.redenoticia.com.br\/noticia\/wp-json\/wp\/v2\/posts\/169753\/revisions"}],"wp:featuredmedia":[{"embeddable":true,"href":"https:\/\/www.redenoticia.com.br\/noticia\/wp-json\/wp\/v2\/media\/168049"}],"wp:attachment":[{"href":"https:\/\/www.redenoticia.com.br\/noticia\/wp-json\/wp\/v2\/media?parent=169753"}],"wp:term":[{"taxonomy":"category","embeddable":true,"href":"https:\/\/www.redenoticia.com.br\/noticia\/wp-json\/wp\/v2\/categories?post=169753"},{"taxonomy":"post_tag","embeddable":true,"href":"https:\/\/www.redenoticia.com.br\/noticia\/wp-json\/wp\/v2\/tags?post=169753"}],"curies":[{"name":"wp","href":"https:\/\/api.w.org\/{rel}","templated":true}]}}