{"id":169597,"date":"2019-02-17T21:36:42","date_gmt":"2019-02-18T00:36:42","guid":{"rendered":"https:\/\/www.redenoticia.com.br\/noticia\/?p=169597"},"modified":"2019-02-17T21:36:44","modified_gmt":"2019-02-18T00:36:44","slug":"novela-o-setimo-guardiao-laura-leva-gabriel-para-a-cama","status":"publish","type":"post","link":"https:\/\/www.redenoticia.com.br\/noticia\/2019\/novela-o-setimo-guardiao-laura-leva-gabriel-para-a-cama\/169597","title":{"rendered":"Novela &#8220;O S\u00e9timo Guardi\u00e3o\u201d: Laura leva Gabriel para a cama"},"content":{"rendered":"<p><strong><em><img loading=\"lazy\" decoding=\"async\" class=\"aligncenter size-large wp-image-154957\" src=\"https:\/\/www.redenoticia.com.br\/noticia\/imagens\/o-setimo-guardiao-114-302x300.jpg\" alt=\"\" width=\"302\" height=\"300\" srcset=\"https:\/\/www.redenoticia.com.br\/noticia\/imagens\/o-setimo-guardiao-114-302x300.jpg 302w, https:\/\/www.redenoticia.com.br\/noticia\/imagens\/o-setimo-guardiao-114-188x187.jpg 188w, https:\/\/www.redenoticia.com.br\/noticia\/imagens\/o-setimo-guardiao-114-150x150.jpg 150w, https:\/\/www.redenoticia.com.br\/noticia\/imagens\/o-setimo-guardiao-114-634x630.jpg 634w, https:\/\/www.redenoticia.com.br\/noticia\/imagens\/o-setimo-guardiao-114.jpg 658w\" sizes=\"auto, (max-width: 302px) 100vw, 302px\" \/>Novela &#8220;O S\u00e9timo Guardi\u00e3o\u201d:<\/em><\/strong> Valentina (Lilia Cabral) descobre que um Guardi\u00e3o-mor n\u00e3o pode ter rela\u00e7\u00f5es com uma mulher. Ela investiga os h\u00e1bitos do filho e Rob\u00e9rio (Heitor Martinez) conta para a vil\u00e3 que Judith (Isabela Garcia) costuma deixar um ch\u00e1 na cozinha toda noite para o patr\u00e3o. Ele entrega c\u00f3pia das chaves do casar\u00e3o para a patroa. Logo depois, a mando da vil\u00e3, Sampaio (Marcello Novaes) leva Laura (Yanna Lavigne) at\u00e9 o local. Ela entra, derrama um p\u00f3 no ch\u00e1 do ex-noivo e se esconde.<\/p>\n<p>Gabriel toma a bebida e Laura tenta seduzi-lo. Ele fica meio atordoado, mas resiste \u00e0s investidas da mo\u00e7a e dorme.\u00a0Laura tamb\u00e9m dorme e volta para casa na manh\u00e3 seguinte.\u00a0Gabriel acorda e se apavora, achando que vai virar gato, mas Murilo (Eduardo Moscovis) o acalma e diz que, se ele continua humano, \u00e9 porque n\u00e3o fez sexo.<\/p>\n<p>Laura fala da noite de amor maravilhosa que teve. Valentina percebe que ela mente, Laura amea\u00e7a contar o segredo da \u00e1gua e a vil\u00e3 a puxar\u00e1 pelo bra\u00e7o. Laura cai na escada e bate a cabe\u00e7a. Sampaio afirma que a jovem est\u00e1 morta e a leva para um esconderijo. Dias depois, Valentina descobre que Laura continua viva e que Sampaio a traiu. Cena prevista para 01 de mar\u00e7o na Novela \u201cO S\u00e9timo Guardi\u00e3o\u201d.<\/p>\n<p>Sinopse \u201cO S\u00e9timo Guardi\u00e3o\u201d: \u00c0 primeira vista, Serro Azul pode parecer apenas mais uma t\u00edpica cidade do interior, pacata e cercada por montanhas, onde avan\u00e7os tecnol\u00f3gicos como internet e telefonia celular ainda n\u00e3o chegaram. Um lugar pelo qual quem passa n\u00e3o d\u00e1 muita aten\u00e7\u00e3o, sem saber o que est\u00e1 perdendo, afinal, uma cidade que \u00e9 vizinha de Greenville e Tubiancanga n\u00e3o poderia deixar de ter suas peculiaridades.<\/p>\n<p>A principal delas \u00e9 uma fonte com propriedades curativas e rejuvenescedoras, que \u00e9 a parte mais externa de um gigantesco aqu\u00edfero, uma enorme reserva daquilo que a cada dia se torna o bem mais precioso da Terra: a \u00e1gua. Essa fonte \u00e9 protegida por sete guardi\u00e3es que t\u00eam como miss\u00e3o garantir que essa riqueza n\u00e3o chegue \u00e0s m\u00e3os erradas.<\/p>\n","protected":false},"excerpt":{"rendered":"<p>Novela &#8220;O S\u00e9timo Guardi\u00e3o\u201d: Valentina (Lilia Cabral) descobre que um Guardi\u00e3o-mor n\u00e3o pode ter rela\u00e7\u00f5es com uma mulher. Ela investiga os h\u00e1bitos do filho e Rob\u00e9rio (Heitor Martinez) conta para a vil\u00e3 que Judith (Isabela Garcia) costuma deixar um ch\u00e1 na cozinha toda noite para o patr\u00e3o. Ele entrega c\u00f3pia das chaves do casar\u00e3o para [&hellip;]<\/p>\n","protected":false},"author":2,"featured_media":154961,"comment_status":"open","ping_status":"closed","sticky":false,"template":"","format":"standard","meta":{"_genesis_hide_title":false,"_genesis_hide_breadcrumbs":false,"_genesis_hide_singular_image":false,"_genesis_hide_footer_widgets":false,"_genesis_custom_body_class":"","_genesis_custom_post_class":"","_genesis_layout":"","_jetpack_memberships_contains_paid_content":false,"footnotes":""},"categories":[379,530,375,343],"tags":[440],"class_list":{"0":"post-169597","1":"post","2":"type-post","3":"status-publish","4":"format-standard","5":"has-post-thumbnail","7":"category-novelas","8":"category-o-setimo-guardiao","9":"category-rede-globo","10":"category-televisao","11":"tag-noticia-novela","12":"entry","13":"gs-1","14":"gs-odd","15":"gs-even","16":"gs-featured-content-entry"},"jetpack_featured_media_url":"https:\/\/www.redenoticia.com.br\/noticia\/imagens\/o-setimo-guardiao-1.jpg","jetpack_sharing_enabled":true,"jetpack_likes_enabled":true,"_links":{"self":[{"href":"https:\/\/www.redenoticia.com.br\/noticia\/wp-json\/wp\/v2\/posts\/169597","targetHints":{"allow":["GET"]}}],"collection":[{"href":"https:\/\/www.redenoticia.com.br\/noticia\/wp-json\/wp\/v2\/posts"}],"about":[{"href":"https:\/\/www.redenoticia.com.br\/noticia\/wp-json\/wp\/v2\/types\/post"}],"author":[{"embeddable":true,"href":"https:\/\/www.redenoticia.com.br\/noticia\/wp-json\/wp\/v2\/users\/2"}],"replies":[{"embeddable":true,"href":"https:\/\/www.redenoticia.com.br\/noticia\/wp-json\/wp\/v2\/comments?post=169597"}],"version-history":[{"count":0,"href":"https:\/\/www.redenoticia.com.br\/noticia\/wp-json\/wp\/v2\/posts\/169597\/revisions"}],"wp:featuredmedia":[{"embeddable":true,"href":"https:\/\/www.redenoticia.com.br\/noticia\/wp-json\/wp\/v2\/media\/154961"}],"wp:attachment":[{"href":"https:\/\/www.redenoticia.com.br\/noticia\/wp-json\/wp\/v2\/media?parent=169597"}],"wp:term":[{"taxonomy":"category","embeddable":true,"href":"https:\/\/www.redenoticia.com.br\/noticia\/wp-json\/wp\/v2\/categories?post=169597"},{"taxonomy":"post_tag","embeddable":true,"href":"https:\/\/www.redenoticia.com.br\/noticia\/wp-json\/wp\/v2\/tags?post=169597"}],"curies":[{"name":"wp","href":"https:\/\/api.w.org\/{rel}","templated":true}]}}