{"id":169595,"date":"2019-02-20T00:00:39","date_gmt":"2019-02-20T03:00:39","guid":{"rendered":"https:\/\/www.redenoticia.com.br\/noticia\/?p=169595"},"modified":"2019-02-20T00:01:15","modified_gmt":"2019-02-20T03:01:15","slug":"novela-espelho-da-vida-gustavo-diz-a-maristela-que-vai-maltratar-julia","status":"publish","type":"post","link":"https:\/\/www.redenoticia.com.br\/noticia\/2019\/novela-espelho-da-vida-gustavo-diz-a-maristela-que-vai-maltratar-julia\/169595","title":{"rendered":"Novela \u201cEspelho da Vida\u201d: Gustavo diz a Maristela que vai maltratar J\u00falia"},"content":{"rendered":"<p><strong><em><img loading=\"lazy\" decoding=\"async\" class=\"aligncenter size-large wp-image-161604\" src=\"https:\/\/www.redenoticia.com.br\/noticia\/imagens\/espelho-da-vida-006-336x300.jpg\" alt=\"\" width=\"336\" height=\"300\" srcset=\"https:\/\/www.redenoticia.com.br\/noticia\/imagens\/espelho-da-vida-006-336x300.jpg 336w, https:\/\/www.redenoticia.com.br\/noticia\/imagens\/espelho-da-vida-006-209x187.jpg 209w, https:\/\/www.redenoticia.com.br\/noticia\/imagens\/espelho-da-vida-006.jpg 569w\" sizes=\"auto, (max-width: 336px) 100vw, 336px\" \/>Novela \u201cEspelho da Vida\u201d:<\/em><\/strong> Danilo (Rafael Cardoso) planeja fugir com sua amada, mas n\u00e3o consegue dinheiro. Sua m\u00e3e recusa ajuda e Julia (Vit\u00f3ria Strada) manda Danilo penhorar as suas j\u00f3ias. O coronel descobre e Danilo \u00e9 preso. Eug\u00eanio (Felipe Camargo) leva Albertina (Suzana Faini) na delegacia e para ela dizer que Danilo roubou as suas j\u00f3ias. Julia e Madre Joana (Ana Lucia Torre) tentam inocent\u00e1-lo. A religiosa conta sobre a invas\u00e3o de capangas no convento, para mat\u00e1-lo, mas o delegado mat\u00e9m a pris\u00e3o do pintor.<\/p>\n<p>O coronel fica irritado por J\u00falia ter ido na delegacia e decide mante-la trancada em seu quarto at\u00e9 o dia do casamento com Gustavo Bruno (Jo\u00e3o Vicente de Castro). Eug\u00eanio amea\u00e7a matar Danilo se a filha desobedece-lo.<\/p>\n<p>Gustavo aceita o casamento, mesmo depois de descobrir que J\u00falia est\u00e1 gr\u00e1vida do rival. Ele surge na casa dos Castelo com rosas brancas para a noiva e J\u00falia diz que nunca o amar\u00e1. Gustavo Bruno finge que est\u00e1 tudo bem.<\/p>\n<p>Logo depois, Gustavo visita Maristela (Let\u00edcia Persiles), com quem teve um romance em Paris, e revela que planeja tornar a vida de J\u00falia um inferno. Cena prevista para 25 de fevereiro na Novela \u201cEspelho da Vida\u201d.<\/p>\n<p>Sinopse Espelho da Vida\u201d: Cris Val\u00eancia (Vit\u00f3ria Strada) \u00e9 uma atriz de teatro, linda, estudiosa e filha de pais artistas. A jovem \u00e9 idealista e segura de seus objetivos. Sens\u00edvel, acredita em todos que se aproximam, valoriza o amor e vive um romance feliz ao lado de Alain (Jo\u00e3o Vicente de Castro). Incentivadora da carreira do namorado, ela apoia seus projetos e acredita que ele precisa investir na produ\u00e7\u00e3o de um filme rom\u00e2ntico. Em \u201cEspelho da Vida\u201d, Alain \u00e9 um diretor de TV e cinema bem-sucedido no Rio de Janeiro, muito reconhecido por sua arte.<\/p>\n","protected":false},"excerpt":{"rendered":"<p>Novela \u201cEspelho da Vida\u201d: Danilo (Rafael Cardoso) planeja fugir com sua amada, mas n\u00e3o consegue dinheiro. Sua m\u00e3e recusa ajuda e Julia (Vit\u00f3ria Strada) manda Danilo penhorar as suas j\u00f3ias. O coronel descobre e Danilo \u00e9 preso. Eug\u00eanio (Felipe Camargo) leva Albertina (Suzana Faini) na delegacia e para ela dizer que Danilo roubou as suas [&hellip;]<\/p>\n","protected":false},"author":2,"featured_media":161599,"comment_status":"open","ping_status":"closed","sticky":false,"template":"","format":"standard","meta":{"_genesis_hide_title":false,"_genesis_hide_breadcrumbs":false,"_genesis_hide_singular_image":false,"_genesis_hide_footer_widgets":false,"_genesis_custom_body_class":"","_genesis_custom_post_class":"","_genesis_layout":"","_jetpack_memberships_contains_paid_content":false,"footnotes":""},"categories":[388,527,379,375,343],"tags":[440],"class_list":{"0":"post-169595","1":"post","2":"type-post","3":"status-publish","4":"format-standard","5":"has-post-thumbnail","7":"category-destaques","8":"category-espelho-da-vida","9":"category-novelas","10":"category-rede-globo","11":"category-televisao","12":"tag-noticia-novela","13":"entry","14":"gs-1","15":"gs-odd","16":"gs-even","17":"gs-featured-content-entry"},"jetpack_featured_media_url":"https:\/\/www.redenoticia.com.br\/noticia\/imagens\/espelho-da-vida-011.jpg","jetpack_sharing_enabled":true,"jetpack_likes_enabled":true,"_links":{"self":[{"href":"https:\/\/www.redenoticia.com.br\/noticia\/wp-json\/wp\/v2\/posts\/169595","targetHints":{"allow":["GET"]}}],"collection":[{"href":"https:\/\/www.redenoticia.com.br\/noticia\/wp-json\/wp\/v2\/posts"}],"about":[{"href":"https:\/\/www.redenoticia.com.br\/noticia\/wp-json\/wp\/v2\/types\/post"}],"author":[{"embeddable":true,"href":"https:\/\/www.redenoticia.com.br\/noticia\/wp-json\/wp\/v2\/users\/2"}],"replies":[{"embeddable":true,"href":"https:\/\/www.redenoticia.com.br\/noticia\/wp-json\/wp\/v2\/comments?post=169595"}],"version-history":[{"count":0,"href":"https:\/\/www.redenoticia.com.br\/noticia\/wp-json\/wp\/v2\/posts\/169595\/revisions"}],"wp:featuredmedia":[{"embeddable":true,"href":"https:\/\/www.redenoticia.com.br\/noticia\/wp-json\/wp\/v2\/media\/161599"}],"wp:attachment":[{"href":"https:\/\/www.redenoticia.com.br\/noticia\/wp-json\/wp\/v2\/media?parent=169595"}],"wp:term":[{"taxonomy":"category","embeddable":true,"href":"https:\/\/www.redenoticia.com.br\/noticia\/wp-json\/wp\/v2\/categories?post=169595"},{"taxonomy":"post_tag","embeddable":true,"href":"https:\/\/www.redenoticia.com.br\/noticia\/wp-json\/wp\/v2\/tags?post=169595"}],"curies":[{"name":"wp","href":"https:\/\/api.w.org\/{rel}","templated":true}]}}