{"id":169266,"date":"2019-02-14T18:15:04","date_gmt":"2019-02-14T20:15:04","guid":{"rendered":"https:\/\/www.redenoticia.com.br\/noticia\/?p=169266"},"modified":"2019-02-14T23:54:54","modified_gmt":"2019-02-15T01:54:54","slug":"novela-o-setimo-guardiao-junior-oficializa-noivado-com-luz","status":"publish","type":"post","link":"https:\/\/www.redenoticia.com.br\/noticia\/2019\/novela-o-setimo-guardiao-junior-oficializa-noivado-com-luz\/169266","title":{"rendered":"Novela &#8220;O S\u00e9timo Guardi\u00e3o\u201d: Junior oficializa noivado com Luz"},"content":{"rendered":"<p><strong><em><img loading=\"lazy\" decoding=\"async\" class=\"aligncenter size-large wp-image-154961\" src=\"https:\/\/www.redenoticia.com.br\/noticia\/imagens\/o-setimo-guardiao-1-396x300.jpg\" alt=\"\" width=\"396\" height=\"300\" srcset=\"https:\/\/www.redenoticia.com.br\/noticia\/imagens\/o-setimo-guardiao-1-396x300.jpg 396w, https:\/\/www.redenoticia.com.br\/noticia\/imagens\/o-setimo-guardiao-1-247x187.jpg 247w, https:\/\/www.redenoticia.com.br\/noticia\/imagens\/o-setimo-guardiao-1-150x114.jpg 150w, https:\/\/www.redenoticia.com.br\/noticia\/imagens\/o-setimo-guardiao-1-534x405.jpg 534w, https:\/\/www.redenoticia.com.br\/noticia\/imagens\/o-setimo-guardiao-1.jpg 535w\" sizes=\"auto, (max-width: 396px) 100vw, 396px\" \/>Novela &#8220;O S\u00e9timo Guardi\u00e3o\u201d:<\/em><\/strong> Luz (Marina Ruy Barbosa) pede para Gabriel (Bruno Gagliasso) deix\u00e1-la entrar na biblioteca do casar\u00e3o. Ele autoriza e, sozinha no local, encontra um dos colares da irmandade e um mapa de passagens secretas para a fonte.<\/p>\n<p>Dias depois, Luz encontra a fonte e v\u00ea Gabriel no local. Ela entra no casar\u00e3o sem ser percebida e l\u00ea um trecho do livro da irmandade. Logo depois, Luz ouve de Gabriel que ela n\u00e3o deve ter esperan\u00e7as de reatar o romance com ele.<\/p>\n<p>Em seguida, a ruiva procura o filho do prefeito e fala em casamento. J\u00fanior fica feliz e a convida para jantar na sua casa e oficializar o noivado. Cena prevista para 8 de mar\u00e7o na Novela \u201cO S\u00e9timo Guardi\u00e3o\u201d.<\/p>\n<p>Sinopse \u201cO S\u00e9timo Guardi\u00e3o\u201d: \u00c0 primeira vista, Serro Azul pode parecer apenas mais uma t\u00edpica cidade do interior, pacata e cercada por montanhas, onde avan\u00e7os tecnol\u00f3gicos como internet e telefonia celular ainda n\u00e3o chegaram. Um lugar pelo qual quem passa n\u00e3o d\u00e1 muita aten\u00e7\u00e3o, sem saber o que est\u00e1 perdendo, afinal, uma cidade que \u00e9 vizinha de Greenville e Tubiancanga n\u00e3o poderia deixar de ter suas peculiaridades. A principal delas \u00e9 uma fonte com propriedades curativas e rejuvenescedoras, que \u00e9 a parte mais externa de um gigantesco aqu\u00edfero, uma enorme reserva daquilo que a cada dia se torna o bem mais precioso da Terra: a \u00e1gua. Essa fonte \u00e9 protegida por sete guardi\u00e3es que t\u00eam como miss\u00e3o garantir que essa riqueza n\u00e3o chegue \u00e0s m\u00e3os erradas.<\/p>\n","protected":false},"excerpt":{"rendered":"<p>Novela &#8220;O S\u00e9timo Guardi\u00e3o\u201d: Luz (Marina Ruy Barbosa) pede para Gabriel (Bruno Gagliasso) deix\u00e1-la entrar na biblioteca do casar\u00e3o. Ele autoriza e, sozinha no local, encontra um dos colares da irmandade e um mapa de passagens secretas para a fonte. Dias depois, Luz encontra a fonte e v\u00ea Gabriel no local. Ela entra no casar\u00e3o [&hellip;]<\/p>\n","protected":false},"author":2,"featured_media":154960,"comment_status":"open","ping_status":"closed","sticky":false,"template":"","format":"standard","meta":{"_genesis_hide_title":false,"_genesis_hide_breadcrumbs":false,"_genesis_hide_singular_image":false,"_genesis_hide_footer_widgets":false,"_genesis_custom_body_class":"","_genesis_custom_post_class":"","_genesis_layout":"","_jetpack_memberships_contains_paid_content":false,"footnotes":""},"categories":[388,379,530,375,343],"tags":[440],"class_list":{"0":"post-169266","1":"post","2":"type-post","3":"status-publish","4":"format-standard","5":"has-post-thumbnail","7":"category-destaques","8":"category-novelas","9":"category-o-setimo-guardiao","10":"category-rede-globo","11":"category-televisao","12":"tag-noticia-novela","13":"entry","14":"gs-1","15":"gs-odd","16":"gs-even","17":"gs-featured-content-entry"},"jetpack_featured_media_url":"https:\/\/www.redenoticia.com.br\/noticia\/imagens\/o-setimo-guardiao-111.jpg","jetpack_sharing_enabled":true,"jetpack_likes_enabled":true,"_links":{"self":[{"href":"https:\/\/www.redenoticia.com.br\/noticia\/wp-json\/wp\/v2\/posts\/169266","targetHints":{"allow":["GET"]}}],"collection":[{"href":"https:\/\/www.redenoticia.com.br\/noticia\/wp-json\/wp\/v2\/posts"}],"about":[{"href":"https:\/\/www.redenoticia.com.br\/noticia\/wp-json\/wp\/v2\/types\/post"}],"author":[{"embeddable":true,"href":"https:\/\/www.redenoticia.com.br\/noticia\/wp-json\/wp\/v2\/users\/2"}],"replies":[{"embeddable":true,"href":"https:\/\/www.redenoticia.com.br\/noticia\/wp-json\/wp\/v2\/comments?post=169266"}],"version-history":[{"count":0,"href":"https:\/\/www.redenoticia.com.br\/noticia\/wp-json\/wp\/v2\/posts\/169266\/revisions"}],"wp:featuredmedia":[{"embeddable":true,"href":"https:\/\/www.redenoticia.com.br\/noticia\/wp-json\/wp\/v2\/media\/154960"}],"wp:attachment":[{"href":"https:\/\/www.redenoticia.com.br\/noticia\/wp-json\/wp\/v2\/media?parent=169266"}],"wp:term":[{"taxonomy":"category","embeddable":true,"href":"https:\/\/www.redenoticia.com.br\/noticia\/wp-json\/wp\/v2\/categories?post=169266"},{"taxonomy":"post_tag","embeddable":true,"href":"https:\/\/www.redenoticia.com.br\/noticia\/wp-json\/wp\/v2\/tags?post=169266"}],"curies":[{"name":"wp","href":"https:\/\/api.w.org\/{rel}","templated":true}]}}