{"id":169262,"date":"2019-02-14T20:52:38","date_gmt":"2019-02-14T22:52:38","guid":{"rendered":"https:\/\/www.redenoticia.com.br\/noticia\/?p=169262"},"modified":"2019-02-14T23:56:26","modified_gmt":"2019-02-15T01:56:26","slug":"novela-espelho-da-vida-gustavo-tenta-matar-danilo-na-prisao","status":"publish","type":"post","link":"https:\/\/www.redenoticia.com.br\/noticia\/2019\/novela-espelho-da-vida-gustavo-tenta-matar-danilo-na-prisao\/169262","title":{"rendered":"Novela \u201cEspelho da Vida\u201d: Gustavo tenta matar Danilo na pris\u00e3o"},"content":{"rendered":"<p><img loading=\"lazy\" decoding=\"async\" class=\"aligncenter size-large wp-image-153381\" src=\"https:\/\/www.redenoticia.com.br\/noticia\/imagens\/Espelho-da-Vida-resumo-02-289x300.jpg\" alt=\"\" width=\"289\" height=\"300\" srcset=\"https:\/\/www.redenoticia.com.br\/noticia\/imagens\/Espelho-da-Vida-resumo-02-289x300.jpg 289w, https:\/\/www.redenoticia.com.br\/noticia\/imagens\/Espelho-da-Vida-resumo-02-180x187.jpg 180w, https:\/\/www.redenoticia.com.br\/noticia\/imagens\/Espelho-da-Vida-resumo-02-768x797.jpg 768w, https:\/\/www.redenoticia.com.br\/noticia\/imagens\/Espelho-da-Vida-resumo-02-696x722.jpg 696w, https:\/\/www.redenoticia.com.br\/noticia\/imagens\/Espelho-da-Vida-resumo-02-145x150.jpg 145w, https:\/\/www.redenoticia.com.br\/noticia\/imagens\/Espelho-da-Vida-resumo-02-607x630.jpg 607w, https:\/\/www.redenoticia.com.br\/noticia\/imagens\/Espelho-da-Vida-resumo-02.jpg 815w\" sizes=\"auto, (max-width: 289px) 100vw, 289px\" \/><em><strong>Novela \u201cEspelho da Vida\u201d<\/strong><\/em>: Cris\/Julia (Vit\u00f3ria Strada) descobre que est\u00e1 gr\u00e1vida e que Gustavo Bruno (Jo\u00e3o Vicente de Castro) marcou a data do casamento. Ela d\u00e1 suas joias para Danilo (Rafael Cardoso) vend\u00ea-las e eles usarem o dinheiro na fuga. As pe\u00e7as ser\u00e3o reconhecidas pelo joalheiro e ele avisa Eug\u00eanio (Felipe Camargo). O rapaz \u00e9 preso.<\/p>\n<p>O coronel e Gustavo Bruno (Jo\u00e3o Vicente de Castro) humilham o pintor. Julia afirma que n\u00e3o se trata de roubo, mas Eug\u00eanio e inspetor de pol\u00edcia decidem manter Danilo preso. J\u00falia visita o amado na cadeia e desmaia. Augusto (Reginaldo Faria) a socorre e Fabr\u00edcio (Marcello Scorel) diz que ela precisa de repouso para n\u00e3o perder o beb\u00ea.<\/p>\n<p>Ela conta a Piedade (Julia Lemmertz) que espera um filho, o coronel a expulsa de casa e avisa Gustavo Bruno. Piedade implora para que Julia fique at\u00e9 melhorar de sa\u00fade. Diante do m\u00e9dico, Eug\u00eanio permite. Gustavo Bruno decide ir na cadeia para matar Danilo. Na hora em que for atirar, Ot\u00e1vio (Patrick Sampaio) o impede. O&nbsp;marqu\u00eas tem uma briga terr\u00edvel com o irm\u00e3o. Cena prevista para 22 de fevereiro na Novela \u201cEspelho da Vida\u201d.<\/p>\n<p>Sinopse Espelho da Vida\u201d: Cris Val\u00eancia (Vit\u00f3ria Strada) \u00e9 uma atriz de teatro, linda, estudiosa e filha de pais artistas. A jovem \u00e9 idealista e segura de seus objetivos. Sens\u00edvel, acredita em todos que se aproximam, valoriza o amor e vive um romance feliz ao lado de Alain (Jo\u00e3o Vicente de Castro). Incentivadora da carreira do namorado, ela apoia seus projetos e acredita que ele precisa investir na produ\u00e7\u00e3o de um filme rom\u00e2ntico. Em \u201cEspelho da Vida\u201d, Alain \u00e9 um diretor de TV e cinema bem-sucedido no Rio de Janeiro, muito reconhecido por sua arte.<\/p>\n","protected":false},"excerpt":{"rendered":"<p>Novela \u201cEspelho da Vida\u201d: Cris\/Julia (Vit\u00f3ria Strada) descobre que est\u00e1 gr\u00e1vida e que Gustavo Bruno (Jo\u00e3o Vicente de Castro) marcou a data do casamento. Ela d\u00e1 suas joias para Danilo (Rafael Cardoso) vend\u00ea-las e eles usarem o dinheiro na fuga. As pe\u00e7as ser\u00e3o reconhecidas pelo joalheiro e ele avisa Eug\u00eanio (Felipe Camargo). O rapaz \u00e9 [&hellip;]<\/p>\n","protected":false},"author":2,"featured_media":161604,"comment_status":"open","ping_status":"closed","sticky":false,"template":"","format":"standard","meta":{"_genesis_hide_title":false,"_genesis_hide_breadcrumbs":false,"_genesis_hide_singular_image":false,"_genesis_hide_footer_widgets":false,"_genesis_custom_body_class":"","_genesis_custom_post_class":"","_genesis_layout":"","_jetpack_memberships_contains_paid_content":false,"footnotes":""},"categories":[388,527,379,375,343],"tags":[440],"class_list":{"0":"post-169262","1":"post","2":"type-post","3":"status-publish","4":"format-standard","5":"has-post-thumbnail","7":"category-destaques","8":"category-espelho-da-vida","9":"category-novelas","10":"category-rede-globo","11":"category-televisao","12":"tag-noticia-novela","13":"entry","14":"gs-1","15":"gs-odd","16":"gs-even","17":"gs-featured-content-entry"},"jetpack_featured_media_url":"https:\/\/www.redenoticia.com.br\/noticia\/imagens\/espelho-da-vida-006.jpg","jetpack_sharing_enabled":true,"jetpack_likes_enabled":true,"_links":{"self":[{"href":"https:\/\/www.redenoticia.com.br\/noticia\/wp-json\/wp\/v2\/posts\/169262","targetHints":{"allow":["GET"]}}],"collection":[{"href":"https:\/\/www.redenoticia.com.br\/noticia\/wp-json\/wp\/v2\/posts"}],"about":[{"href":"https:\/\/www.redenoticia.com.br\/noticia\/wp-json\/wp\/v2\/types\/post"}],"author":[{"embeddable":true,"href":"https:\/\/www.redenoticia.com.br\/noticia\/wp-json\/wp\/v2\/users\/2"}],"replies":[{"embeddable":true,"href":"https:\/\/www.redenoticia.com.br\/noticia\/wp-json\/wp\/v2\/comments?post=169262"}],"version-history":[{"count":0,"href":"https:\/\/www.redenoticia.com.br\/noticia\/wp-json\/wp\/v2\/posts\/169262\/revisions"}],"wp:featuredmedia":[{"embeddable":true,"href":"https:\/\/www.redenoticia.com.br\/noticia\/wp-json\/wp\/v2\/media\/161604"}],"wp:attachment":[{"href":"https:\/\/www.redenoticia.com.br\/noticia\/wp-json\/wp\/v2\/media?parent=169262"}],"wp:term":[{"taxonomy":"category","embeddable":true,"href":"https:\/\/www.redenoticia.com.br\/noticia\/wp-json\/wp\/v2\/categories?post=169262"},{"taxonomy":"post_tag","embeddable":true,"href":"https:\/\/www.redenoticia.com.br\/noticia\/wp-json\/wp\/v2\/tags?post=169262"}],"curies":[{"name":"wp","href":"https:\/\/api.w.org\/{rel}","templated":true}]}}