{"id":169260,"date":"2019-02-13T23:46:08","date_gmt":"2019-02-14T01:46:08","guid":{"rendered":"https:\/\/www.redenoticia.com.br\/noticia\/?p=169260"},"modified":"2019-02-13T23:46:12","modified_gmt":"2019-02-14T01:46:12","slug":"novela-espelho-da-vida-daniel-busca-informacoes-sobre-julia-e-seu-filho","status":"publish","type":"post","link":"https:\/\/www.redenoticia.com.br\/noticia\/2019\/novela-espelho-da-vida-daniel-busca-informacoes-sobre-julia-e-seu-filho\/169260","title":{"rendered":"Novela \u201cEspelho da Vida\u201d: Daniel busca informa\u00e7\u00f5es sobre J\u00falia e seu filho"},"content":{"rendered":"<p><strong><em><img loading=\"lazy\" decoding=\"async\" class=\"aligncenter size-large wp-image-161599\" src=\"https:\/\/www.redenoticia.com.br\/noticia\/imagens\/espelho-da-vida-011-284x300.jpg\" alt=\"\" width=\"284\" height=\"300\" srcset=\"https:\/\/www.redenoticia.com.br\/noticia\/imagens\/espelho-da-vida-011-284x300.jpg 284w, https:\/\/www.redenoticia.com.br\/noticia\/imagens\/espelho-da-vida-011-177x187.jpg 177w, https:\/\/www.redenoticia.com.br\/noticia\/imagens\/espelho-da-vida-011-142x150.jpg 142w, https:\/\/www.redenoticia.com.br\/noticia\/imagens\/espelho-da-vida-011.jpg 471w\" sizes=\"auto, (max-width: 284px) 100vw, 284px\" \/>Novela \u201cEspelho da Vida\u201d:<\/em><\/strong> Daniel (Rafael Cardoso) quer descobrir quem \u00e9 a mo\u00e7a do retrato que viu no museu e que aparece nos seus sohos. Ele descobre, em uma sess\u00e3o de regress\u00e3o, que teve um filho com a mo\u00e7a, Julia Castelo (Vit\u00f3ria Strada) na sua vida passada. A psic\u00f3loga Let\u00edcia (Let\u00edcia Persiles) incentiva seu paciente a investigar o passado do casal e descobrir as suas origens.<\/p>\n<p>Em uma de suas sess\u00f5es de regress\u00e3o, Daniel v\u00ea Danilo e Julia numa pra\u00e7a e procura o local na internet. Daniel fala para Let\u00edcia que encontrou pra\u00e7as semelhantes \u00e0quele estilo no Brasil.<\/p>\n<p>Logo depois, o fot\u00f3grafo vem para o Brasil, para expor seu trabalho, e come\u00e7a a investigar sobre Danilo e Julia Castelo na internet. Cena prevista para 20 de fevereiro na Novela \u201cEspelho da Vida\u201d.<\/p>\n<p>Sinopse Espelho da Vida\u201d: Cris Val\u00eancia (Vit\u00f3ria Strada) \u00e9 uma atriz de teatro, linda, estudiosa e filha de pais artistas. A jovem \u00e9 idealista e segura de seus objetivos. Sens\u00edvel, acredita em todos que se aproximam, valoriza o amor e vive um romance feliz ao lado de Alain (Jo\u00e3o Vicente de Castro). Incentivadora da carreira do namorado, ela apoia seus projetos e acredita que ele precisa investir na produ\u00e7\u00e3o de um filme rom\u00e2ntico. Em \u201cEspelho da Vida\u201d, Alain \u00e9 um diretor de TV e cinema bem-sucedido no Rio de Janeiro, muito reconhecido por sua arte.<\/p>\n","protected":false},"excerpt":{"rendered":"<p>Novela \u201cEspelho da Vida\u201d: Daniel (Rafael Cardoso) quer descobrir quem \u00e9 a mo\u00e7a do retrato que viu no museu e que aparece nos seus sohos. Ele descobre, em uma sess\u00e3o de regress\u00e3o, que teve um filho com a mo\u00e7a, Julia Castelo (Vit\u00f3ria Strada) na sua vida passada. A psic\u00f3loga Let\u00edcia (Let\u00edcia Persiles) incentiva seu paciente [&hellip;]<\/p>\n","protected":false},"author":2,"featured_media":153381,"comment_status":"open","ping_status":"closed","sticky":false,"template":"","format":"standard","meta":{"_genesis_hide_title":false,"_genesis_hide_breadcrumbs":false,"_genesis_hide_singular_image":false,"_genesis_hide_footer_widgets":false,"_genesis_custom_body_class":"","_genesis_custom_post_class":"","_genesis_layout":"","_jetpack_memberships_contains_paid_content":false,"footnotes":""},"categories":[388,527,379,375,343],"tags":[440],"class_list":{"0":"post-169260","1":"post","2":"type-post","3":"status-publish","4":"format-standard","5":"has-post-thumbnail","7":"category-destaques","8":"category-espelho-da-vida","9":"category-novelas","10":"category-rede-globo","11":"category-televisao","12":"tag-noticia-novela","13":"entry","14":"gs-1","15":"gs-odd","16":"gs-even","17":"gs-featured-content-entry"},"jetpack_featured_media_url":"https:\/\/www.redenoticia.com.br\/noticia\/imagens\/Espelho-da-Vida-resumo-02.jpg","jetpack_sharing_enabled":true,"jetpack_likes_enabled":true,"_links":{"self":[{"href":"https:\/\/www.redenoticia.com.br\/noticia\/wp-json\/wp\/v2\/posts\/169260","targetHints":{"allow":["GET"]}}],"collection":[{"href":"https:\/\/www.redenoticia.com.br\/noticia\/wp-json\/wp\/v2\/posts"}],"about":[{"href":"https:\/\/www.redenoticia.com.br\/noticia\/wp-json\/wp\/v2\/types\/post"}],"author":[{"embeddable":true,"href":"https:\/\/www.redenoticia.com.br\/noticia\/wp-json\/wp\/v2\/users\/2"}],"replies":[{"embeddable":true,"href":"https:\/\/www.redenoticia.com.br\/noticia\/wp-json\/wp\/v2\/comments?post=169260"}],"version-history":[{"count":0,"href":"https:\/\/www.redenoticia.com.br\/noticia\/wp-json\/wp\/v2\/posts\/169260\/revisions"}],"wp:featuredmedia":[{"embeddable":true,"href":"https:\/\/www.redenoticia.com.br\/noticia\/wp-json\/wp\/v2\/media\/153381"}],"wp:attachment":[{"href":"https:\/\/www.redenoticia.com.br\/noticia\/wp-json\/wp\/v2\/media?parent=169260"}],"wp:term":[{"taxonomy":"category","embeddable":true,"href":"https:\/\/www.redenoticia.com.br\/noticia\/wp-json\/wp\/v2\/categories?post=169260"},{"taxonomy":"post_tag","embeddable":true,"href":"https:\/\/www.redenoticia.com.br\/noticia\/wp-json\/wp\/v2\/tags?post=169260"}],"curies":[{"name":"wp","href":"https:\/\/api.w.org\/{rel}","templated":true}]}}