{"id":168739,"date":"2019-02-09T16:31:49","date_gmt":"2019-02-09T18:31:49","guid":{"rendered":"https:\/\/www.redenoticia.com.br\/noticia\/?p=168739"},"modified":"2019-02-10T17:51:45","modified_gmt":"2019-02-10T19:51:45","slug":"resumo-novela-o-setimo-guardiao-11-02-marilda-furta-agua-da-fonte-de-valentina","status":"publish","type":"post","link":"https:\/\/www.redenoticia.com.br\/noticia\/2019\/resumo-novela-o-setimo-guardiao-11-02-marilda-furta-agua-da-fonte-de-valentina\/168739","title":{"rendered":"Resumo novela \u201cO S\u00e9timo Guardi\u00e3o\u201d 11\/02: Marilda furta \u00e1gua da fonte de Valentina"},"content":{"rendered":"<p><strong><em><img loading=\"lazy\" decoding=\"async\" class=\"aligncenter size-large wp-image-159064\" src=\"https:\/\/www.redenoticia.com.br\/noticia\/imagens\/o-setimo-guardiao-121-334x300.jpg\" alt=\"\" width=\"334\" height=\"300\" srcset=\"https:\/\/www.redenoticia.com.br\/noticia\/imagens\/o-setimo-guardiao-121-334x300.jpg 334w, https:\/\/www.redenoticia.com.br\/noticia\/imagens\/o-setimo-guardiao-121-208x187.jpg 208w, https:\/\/www.redenoticia.com.br\/noticia\/imagens\/o-setimo-guardiao-121-150x135.jpg 150w, https:\/\/www.redenoticia.com.br\/noticia\/imagens\/o-setimo-guardiao-121.jpg 548w\" sizes=\"auto, (max-width: 334px) 100vw, 334px\" \/>Resumo novela \u201cO S\u00e9timo Guardi\u00e3o\u201d 11\/02 <\/em><\/strong>: no cap\u00edtulo 079(*) da novela, resumo segunda-feira, 11 de fevereiro, Gabriel conclui seu plano para impedir Valentina de se aproximar da fonte. Milu se espanta ao saber que Murilo \u00e9 filho de S\u00f3stenes.<\/p>\n<p>Afrodite e Cristiana se preocupam com Rivalda, que decide procurar Nicolau escondida. Marilda furta os gal\u00f5es com \u00e1gua da fonte escondidos por Valentina. Valentina se desespera ao descobrir que seu estoque de \u00e1gua da fonte desapareceu.<\/p>\n<p>Not\u00edcias Relacionadas<\/p>\n<p>(*) edi\u00e7\u00e3o da Rede Globo, Novela \u201cO S\u00e9timo Guardi\u00e3o\u201d, sujeito a altera\u00e7\u00e3o de data e conte\u00fado.<\/p>\n<p>Sinopse \u201cO S\u00e9timo Guardi\u00e3o\u201d: \u00c0 primeira vista, Serro Azul pode parecer apenas mais uma t\u00edpica cidade do interior, pacata e cercada por montanhas, onde avan\u00e7os tecnol\u00f3gicos como internet e telefonia celular ainda n\u00e3o chegaram. Um lugar pelo qual quem passa n\u00e3o d\u00e1 muita aten\u00e7\u00e3o, sem saber o que est\u00e1 perdendo, afinal, uma cidade que \u00e9 vizinha de Greenville e Tubiancanga n\u00e3o poderia deixar de ter suas peculiaridades. A principal delas \u00e9 uma fonte com propriedades curativas e rejuvenescedoras, que \u00e9 a parte mais externa de um gigantesco aqu\u00edfero, uma enorme reserva daquilo que a cada dia se torna o bem mais precioso da Terra: a \u00e1gua. Essa fonte \u00e9 protegida por sete guardi\u00e3es que t\u00eam como miss\u00e3o garantir que essa riqueza n\u00e3o chegue \u00e0s m\u00e3os erradas.<\/p>\n","protected":false},"excerpt":{"rendered":"<p>Resumo novela \u201cO S\u00e9timo Guardi\u00e3o\u201d 11\/02 : no cap\u00edtulo 079(*) da novela, resumo segunda-feira, 11 de fevereiro, Gabriel conclui seu plano para impedir Valentina de se aproximar da fonte. Milu se espanta ao saber que Murilo \u00e9 filho de S\u00f3stenes. Afrodite e Cristiana se preocupam com Rivalda, que decide procurar Nicolau escondida. Marilda furta os [&hellip;]<\/p>\n","protected":false},"author":2,"featured_media":154961,"comment_status":"open","ping_status":"closed","sticky":false,"template":"","format":"standard","meta":{"_genesis_hide_title":false,"_genesis_hide_breadcrumbs":false,"_genesis_hide_singular_image":false,"_genesis_hide_footer_widgets":false,"_genesis_custom_body_class":"","_genesis_custom_post_class":"","_genesis_layout":"","_jetpack_memberships_contains_paid_content":false,"footnotes":""},"categories":[379,530,375,343],"tags":[441],"class_list":{"0":"post-168739","1":"post","2":"type-post","3":"status-publish","4":"format-standard","5":"has-post-thumbnail","7":"category-novelas","8":"category-o-setimo-guardiao","9":"category-rede-globo","10":"category-televisao","11":"tag-resumo-do-dia","12":"entry","13":"gs-1","14":"gs-odd","15":"gs-even","16":"gs-featured-content-entry"},"jetpack_featured_media_url":"https:\/\/www.redenoticia.com.br\/noticia\/imagens\/o-setimo-guardiao-1.jpg","jetpack_sharing_enabled":true,"jetpack_likes_enabled":true,"_links":{"self":[{"href":"https:\/\/www.redenoticia.com.br\/noticia\/wp-json\/wp\/v2\/posts\/168739","targetHints":{"allow":["GET"]}}],"collection":[{"href":"https:\/\/www.redenoticia.com.br\/noticia\/wp-json\/wp\/v2\/posts"}],"about":[{"href":"https:\/\/www.redenoticia.com.br\/noticia\/wp-json\/wp\/v2\/types\/post"}],"author":[{"embeddable":true,"href":"https:\/\/www.redenoticia.com.br\/noticia\/wp-json\/wp\/v2\/users\/2"}],"replies":[{"embeddable":true,"href":"https:\/\/www.redenoticia.com.br\/noticia\/wp-json\/wp\/v2\/comments?post=168739"}],"version-history":[{"count":0,"href":"https:\/\/www.redenoticia.com.br\/noticia\/wp-json\/wp\/v2\/posts\/168739\/revisions"}],"wp:featuredmedia":[{"embeddable":true,"href":"https:\/\/www.redenoticia.com.br\/noticia\/wp-json\/wp\/v2\/media\/154961"}],"wp:attachment":[{"href":"https:\/\/www.redenoticia.com.br\/noticia\/wp-json\/wp\/v2\/media?parent=168739"}],"wp:term":[{"taxonomy":"category","embeddable":true,"href":"https:\/\/www.redenoticia.com.br\/noticia\/wp-json\/wp\/v2\/categories?post=168739"},{"taxonomy":"post_tag","embeddable":true,"href":"https:\/\/www.redenoticia.com.br\/noticia\/wp-json\/wp\/v2\/tags?post=168739"}],"curies":[{"name":"wp","href":"https:\/\/api.w.org\/{rel}","templated":true}]}}