{"id":1672,"date":"2009-05-15T18:03:23","date_gmt":"2009-05-15T22:03:23","guid":{"rendered":"http:\/\/www.redenoticia.com.br\/noticia\/?p=1672"},"modified":"2009-05-15T18:03:23","modified_gmt":"2009-05-15T22:03:23","slug":"tre-de-rondonia-concede-liminar-para-vereador-de-ji-parana","status":"publish","type":"post","link":"https:\/\/www.redenoticia.com.br\/noticia\/2009\/tre-de-rondonia-concede-liminar-para-vereador-de-ji-parana\/1672","title":{"rendered":"TRE de Rond\u00f4nia concede liminar para vereador de Ji-Paran\u00e1"},"content":{"rendered":"<p>A desembargadora Ivanira Feitosa Borges, do Tribunal Regional Eleitoral de Rond\u00f4nia concedeu liminar favor\u00e1vel ao vereador Kl\u00e9cius Modesto (PSDC-JI-Paran\u00e1). Com isso o vereador \u00a0permanecer\u00e1 no cargo at\u00e9 o julgamento do m\u00e9rito.<\/p>\n","protected":false},"excerpt":{"rendered":"<p>A desembargadora Ivanira Feitosa Borges, do Tribunal Regional Eleitoral de Rond\u00f4nia concedeu liminar favor\u00e1vel ao vereador Kl\u00e9cius Modesto (PSDC-JI-Paran\u00e1). Com isso o vereador \u00a0permanecer\u00e1 no cargo at\u00e9 o julgamento do m\u00e9rito.<\/p>\n","protected":false},"author":2,"featured_media":0,"comment_status":"open","ping_status":"open","sticky":false,"template":"","format":"standard","meta":{"_genesis_hide_title":false,"_genesis_hide_breadcrumbs":false,"_genesis_hide_singular_image":false,"_genesis_hide_footer_widgets":false,"_genesis_custom_body_class":"","_genesis_custom_post_class":"","_genesis_layout":"","_jetpack_memberships_contains_paid_content":false,"footnotes":""},"categories":[22],"tags":[],"class_list":{"0":"post-1672","1":"post","2":"type-post","3":"status-publish","4":"format-standard","6":"category-brasil","7":"entry","8":"gs-1","9":"gs-odd","10":"gs-even","11":"gs-featured-content-entry"},"jetpack_featured_media_url":"","jetpack_sharing_enabled":true,"jetpack_likes_enabled":true,"_links":{"self":[{"href":"https:\/\/www.redenoticia.com.br\/noticia\/wp-json\/wp\/v2\/posts\/1672","targetHints":{"allow":["GET"]}}],"collection":[{"href":"https:\/\/www.redenoticia.com.br\/noticia\/wp-json\/wp\/v2\/posts"}],"about":[{"href":"https:\/\/www.redenoticia.com.br\/noticia\/wp-json\/wp\/v2\/types\/post"}],"author":[{"embeddable":true,"href":"https:\/\/www.redenoticia.com.br\/noticia\/wp-json\/wp\/v2\/users\/2"}],"replies":[{"embeddable":true,"href":"https:\/\/www.redenoticia.com.br\/noticia\/wp-json\/wp\/v2\/comments?post=1672"}],"version-history":[{"count":0,"href":"https:\/\/www.redenoticia.com.br\/noticia\/wp-json\/wp\/v2\/posts\/1672\/revisions"}],"wp:attachment":[{"href":"https:\/\/www.redenoticia.com.br\/noticia\/wp-json\/wp\/v2\/media?parent=1672"}],"wp:term":[{"taxonomy":"category","embeddable":true,"href":"https:\/\/www.redenoticia.com.br\/noticia\/wp-json\/wp\/v2\/categories?post=1672"},{"taxonomy":"post_tag","embeddable":true,"href":"https:\/\/www.redenoticia.com.br\/noticia\/wp-json\/wp\/v2\/tags?post=1672"}],"curies":[{"name":"wp","href":"https:\/\/api.w.org\/{rel}","templated":true}]}}