{"id":166088,"date":"2019-01-19T18:05:44","date_gmt":"2019-01-19T20:05:44","guid":{"rendered":"https:\/\/www.redenoticia.com.br\/noticia\/?p=166088"},"modified":"2019-01-20T17:35:48","modified_gmt":"2019-01-20T19:35:48","slug":"resumo-novela-o-setimo-guardiao-21-01-guilherme-derrama-comida-em-valentina","status":"publish","type":"post","link":"https:\/\/www.redenoticia.com.br\/noticia\/2019\/resumo-novela-o-setimo-guardiao-21-01-guilherme-derrama-comida-em-valentina\/166088","title":{"rendered":"Resumo novela \u201cO S\u00e9timo Guardi\u00e3o\u201d 21\/01: Guilherme derrama comida em Valentina"},"content":{"rendered":"<p><strong><em><img loading=\"lazy\" decoding=\"async\" class=\"aligncenter size-large wp-image-159064\" src=\"https:\/\/www.redenoticia.com.br\/noticia\/imagens\/o-setimo-guardiao-121-334x300.jpg\" alt=\"\" width=\"334\" height=\"300\" srcset=\"https:\/\/www.redenoticia.com.br\/noticia\/imagens\/o-setimo-guardiao-121-334x300.jpg 334w, https:\/\/www.redenoticia.com.br\/noticia\/imagens\/o-setimo-guardiao-121-208x187.jpg 208w, https:\/\/www.redenoticia.com.br\/noticia\/imagens\/o-setimo-guardiao-121-150x135.jpg 150w, https:\/\/www.redenoticia.com.br\/noticia\/imagens\/o-setimo-guardiao-121.jpg 548w\" sizes=\"auto, (max-width: 334px) 100vw, 334px\" \/>Resumo novela \u201cO S\u00e9timo Guardi\u00e3o\u201d 21\/01 <\/em><\/strong>: no cap\u00edtulo 061(*) da novela, resumo segunda-feira, 21 de janeiro, Valentina aceita que Feliciano a acompanhe \u00e0 inaugura\u00e7\u00e3o do restaurante de Tobias. Mirtes se incomoda com a presen\u00e7a de Ondina e Adamastor no restaurante. Milu se aproxima de Machado, e Rita desconfia. Lucilene revela a Socorro que Lourdes Maria fugiu para S\u00e3o Paulo. Olavo recha\u00e7a Lourdes, que se desespera. Patr\u00edcio entrevista os convidados de Tobias. Stella estranha o comportamento de Mirtes. Judith e Gabriel preparam o teste de confian\u00e7a de Eurico.<\/p>\n<p>Sampaio entra no t\u00fanel secreto que leva at\u00e9 a fonte. Todos se surpreendem ao ver Feliciano com Valentina. Gabriel chega ao restaurante. Tobias reclama com Firmina sobre a distribui\u00e7\u00e3o das mesas do jantar. Lourdes vaga por S\u00e3o Paulo. Diana incentiva Bebeto a perseguir o sonho de dan\u00e7ar. Geandro confronta Olavo e vai atr\u00e1s de Lourdes. Guilherme derrama comida em Valentina, e Firmina percebe a comunica\u00e7\u00e3o do rapaz com Mirtes. Dois moradores de rua observam Lourdes.<\/p>\n<p>Destaques<\/p>\n<p>(*) edi\u00e7\u00e3o da Rede Globo, Novela \u201cO S\u00e9timo Guardi\u00e3o\u201d, sujeito a altera\u00e7\u00e3o de data e conte\u00fado.<\/p>\n<p>Sinopse \u201cO S\u00e9timo Guardi\u00e3o\u201d: \u00c0 primeira vista, Serro Azul pode parecer apenas mais uma t\u00edpica cidade do interior, pacata e cercada por montanhas, onde avan\u00e7os tecnol\u00f3gicos como internet e telefonia celular ainda n\u00e3o chegaram. Um lugar pelo qual quem passa n\u00e3o d\u00e1 muita aten\u00e7\u00e3o, sem saber o que est\u00e1 perdendo, afinal, uma cidade que \u00e9 vizinha de Greenville e Tubiancanga n\u00e3o poderia deixar de ter suas peculiaridades. A principal delas \u00e9 uma fonte com propriedades curativas e rejuvenescedoras, que \u00e9 a parte mais externa de um gigantesco aqu\u00edfero, uma enorme reserva daquilo que a cada dia se torna o bem mais precioso da Terra: a \u00e1gua. Essa fonte \u00e9 protegida por sete guardi\u00e3es que t\u00eam como miss\u00e3o garantir que essa riqueza n\u00e3o chegue \u00e0s m\u00e3os erradas.<\/p>\n","protected":false},"excerpt":{"rendered":"<p>Resumo novela \u201cO S\u00e9timo Guardi\u00e3o\u201d 21\/01 : no cap\u00edtulo 061(*) da novela, resumo segunda-feira, 21 de janeiro, Valentina aceita que Feliciano a acompanhe \u00e0 inaugura\u00e7\u00e3o do restaurante de Tobias. Mirtes se incomoda com a presen\u00e7a de Ondina e Adamastor no restaurante. Milu se aproxima de Machado, e Rita desconfia. Lucilene revela a Socorro que Lourdes [&hellip;]<\/p>\n","protected":false},"author":2,"featured_media":159066,"comment_status":"open","ping_status":"closed","sticky":false,"template":"","format":"standard","meta":{"_genesis_hide_title":false,"_genesis_hide_breadcrumbs":false,"_genesis_hide_singular_image":false,"_genesis_hide_footer_widgets":false,"_genesis_custom_body_class":"","_genesis_custom_post_class":"","_genesis_layout":"","_jetpack_memberships_contains_paid_content":false,"footnotes":""},"categories":[379,530,375,343],"tags":[441],"class_list":{"0":"post-166088","1":"post","2":"type-post","3":"status-publish","4":"format-standard","5":"has-post-thumbnail","7":"category-novelas","8":"category-o-setimo-guardiao","9":"category-rede-globo","10":"category-televisao","11":"tag-resumo-do-dia","12":"entry","13":"gs-1","14":"gs-odd","15":"gs-even","16":"gs-featured-content-entry"},"jetpack_featured_media_url":"https:\/\/www.redenoticia.com.br\/noticia\/imagens\/o-setimo-guardiao-119.jpg","jetpack_sharing_enabled":true,"jetpack_likes_enabled":true,"_links":{"self":[{"href":"https:\/\/www.redenoticia.com.br\/noticia\/wp-json\/wp\/v2\/posts\/166088","targetHints":{"allow":["GET"]}}],"collection":[{"href":"https:\/\/www.redenoticia.com.br\/noticia\/wp-json\/wp\/v2\/posts"}],"about":[{"href":"https:\/\/www.redenoticia.com.br\/noticia\/wp-json\/wp\/v2\/types\/post"}],"author":[{"embeddable":true,"href":"https:\/\/www.redenoticia.com.br\/noticia\/wp-json\/wp\/v2\/users\/2"}],"replies":[{"embeddable":true,"href":"https:\/\/www.redenoticia.com.br\/noticia\/wp-json\/wp\/v2\/comments?post=166088"}],"version-history":[{"count":0,"href":"https:\/\/www.redenoticia.com.br\/noticia\/wp-json\/wp\/v2\/posts\/166088\/revisions"}],"wp:featuredmedia":[{"embeddable":true,"href":"https:\/\/www.redenoticia.com.br\/noticia\/wp-json\/wp\/v2\/media\/159066"}],"wp:attachment":[{"href":"https:\/\/www.redenoticia.com.br\/noticia\/wp-json\/wp\/v2\/media?parent=166088"}],"wp:term":[{"taxonomy":"category","embeddable":true,"href":"https:\/\/www.redenoticia.com.br\/noticia\/wp-json\/wp\/v2\/categories?post=166088"},{"taxonomy":"post_tag","embeddable":true,"href":"https:\/\/www.redenoticia.com.br\/noticia\/wp-json\/wp\/v2\/tags?post=166088"}],"curies":[{"name":"wp","href":"https:\/\/api.w.org\/{rel}","templated":true}]}}