{"id":165069,"date":"2019-01-01T16:01:21","date_gmt":"2019-01-01T18:01:21","guid":{"rendered":"https:\/\/www.redenoticia.com.br\/noticia\/?p=165069"},"modified":"2019-01-18T23:02:39","modified_gmt":"2019-01-19T01:02:39","slug":"novela-belissima-sequestro-de-sabina-acaba-em-tragedia","status":"publish","type":"post","link":"https:\/\/www.redenoticia.com.br\/noticia\/2019\/novela-belissima-sequestro-de-sabina-acaba-em-tragedia\/165069","title":{"rendered":"Novela \u201cBel\u00edssima\u201d: Andr\u00e9 salva a vida de Vit\u00f3ria e morre"},"content":{"rendered":"<p><img loading=\"lazy\" decoding=\"async\" class=\"aligncenter size-large wp-image-67685\" src=\"https:\/\/www.redenoticia.com.br\/noticia\/imagens\/babilonia_-Fernanda_Montenegro_Teresa-300x300.jpg\" alt=\"\" width=\"300\" height=\"300\" srcset=\"https:\/\/www.redenoticia.com.br\/noticia\/imagens\/babilonia_-Fernanda_Montenegro_Teresa.jpg 300w, https:\/\/www.redenoticia.com.br\/noticia\/imagens\/babilonia_-Fernanda_Montenegro_Teresa-187x187.jpg 187w, https:\/\/www.redenoticia.com.br\/noticia\/imagens\/babilonia_-Fernanda_Montenegro_Teresa-150x150.jpg 150w, https:\/\/www.redenoticia.com.br\/noticia\/imagens\/babilonia_-Fernanda_Montenegro_Teresa-110x110.jpg 110w, https:\/\/www.redenoticia.com.br\/noticia\/imagens\/babilonia_-Fernanda_Montenegro_Teresa-50x50.jpg 50w\" sizes=\"auto, (max-width: 300px) 100vw, 300px\" \/><strong><em>Novela \u201cBel\u00edssima\u201d:<\/em><\/strong> Nos \u00faltimos cap\u00edtulos da novela fica claro para o p\u00fablico que Andr\u00e9 fora contratado por Bia Falc\u00e3o para seduzir J\u00falia e roubar todos os seus bens. Com as investiga\u00e7\u00f5es do delegado Gilberto, as acusa\u00e7\u00f5es contra Bia aumentam. A vil\u00e3 \u00e9 acusada pela morte de Pedro. Seu alvo era Vit\u00f3ria, mas, por um engano fatal, Bia encomendou a morte do pr\u00f3prio neto. Sem sa\u00edda, ao ver seus planos irem por \u00e1gua abaixo, Bia decide fugir do Brasil e levar com ela a bisneta, Sabina.<\/p>\n<p>Com a ajuda de Andr\u00e9, Vit\u00f3ria alcan\u00e7a as duas ainda no aeroporto. Sem controle, Bia atira em Vit\u00f3ria, mas Andr\u00e9 se joga na frente dela, salvando sua vida. Sabina corre para os bra\u00e7os da m\u00e3e. A pol\u00edcia chega, e Bia foge com Medeiros. Andr\u00e9, atingido, \u00e9 levado para o hospital e morre. Antes, por\u00e9m, ele pede perd\u00e3o \u00e0 J\u00falia e declara seu amor por ela. Cena prevista para janeiro na Novela \u201cBel\u00edssima\u201d.<\/p>\n<p>Sinopse: Simp\u00e1tica, bem-sucedida e discreta, J\u00falia Assump\u00e7\u00e3o \u00e9 presidente da &#8220;Bel\u00edssima&#8221;, refer\u00eancia mundial no setor de roupas \u00edntimas. Sua av\u00f3, Bia Falc\u00e3o, a pressiona para se tornar parecida com a m\u00e3e, Stella Assump\u00e7\u00e3o \u2013 que foi uma modelo bastante famosa, mito de beleza na d\u00e9cada de 1960. Fundadora da marca Bel\u00edssima, Stella morreu em um acidente de avi\u00e3o junto com seu marido, deixando \u00f3rf\u00e3os J\u00falia e Pedro. Desde ent\u00e3o, Bia Falc\u00e3o se tornou respons\u00e1vel pelos dois, tendo-os criado. At\u00e9 hoje tenta controlar a vida deles. Em casa, J\u00falia s\u00f3 encontra apoio no tio, Argemiro Falc\u00e3o, vulgo Gigi, e na governanta, Matilde. Bia faz de tudo para J\u00falia se sentir culpada pela morte dos pais. <\/p>\n","protected":false},"excerpt":{"rendered":"<p>Novela \u201cBel\u00edssima\u201d: Nos \u00faltimos cap\u00edtulos da novela fica claro para o p\u00fablico que Andr\u00e9 fora contratado por Bia Falc\u00e3o para seduzir J\u00falia e roubar todos os seus bens. Com as investiga\u00e7\u00f5es do delegado Gilberto, as acusa\u00e7\u00f5es contra Bia aumentam. A vil\u00e3 \u00e9 acusada pela morte de Pedro. Seu alvo era Vit\u00f3ria, mas, por um engano [&hellip;]<\/p>\n","protected":false},"author":2,"featured_media":148654,"comment_status":"open","ping_status":"closed","sticky":false,"template":"","format":"standard","meta":{"_genesis_hide_title":false,"_genesis_hide_breadcrumbs":false,"_genesis_hide_singular_image":false,"_genesis_hide_footer_widgets":false,"_genesis_custom_body_class":"","_genesis_custom_post_class":"","_genesis_layout":"","_jetpack_memberships_contains_paid_content":false,"footnotes":""},"categories":[485,388,379,375,343],"tags":[440],"class_list":{"0":"post-165069","1":"post","2":"type-post","3":"status-publish","4":"format-standard","5":"has-post-thumbnail","7":"category-belissima","8":"category-destaques","9":"category-novelas","10":"category-rede-globo","11":"category-televisao","12":"tag-noticia-novela","13":"entry","14":"gs-1","15":"gs-odd","16":"gs-even","17":"gs-featured-content-entry"},"jetpack_featured_media_url":"https:\/\/www.redenoticia.com.br\/noticia\/imagens\/belissima-novela-resumo.jpg","jetpack_sharing_enabled":true,"jetpack_likes_enabled":true,"_links":{"self":[{"href":"https:\/\/www.redenoticia.com.br\/noticia\/wp-json\/wp\/v2\/posts\/165069","targetHints":{"allow":["GET"]}}],"collection":[{"href":"https:\/\/www.redenoticia.com.br\/noticia\/wp-json\/wp\/v2\/posts"}],"about":[{"href":"https:\/\/www.redenoticia.com.br\/noticia\/wp-json\/wp\/v2\/types\/post"}],"author":[{"embeddable":true,"href":"https:\/\/www.redenoticia.com.br\/noticia\/wp-json\/wp\/v2\/users\/2"}],"replies":[{"embeddable":true,"href":"https:\/\/www.redenoticia.com.br\/noticia\/wp-json\/wp\/v2\/comments?post=165069"}],"version-history":[{"count":0,"href":"https:\/\/www.redenoticia.com.br\/noticia\/wp-json\/wp\/v2\/posts\/165069\/revisions"}],"wp:featuredmedia":[{"embeddable":true,"href":"https:\/\/www.redenoticia.com.br\/noticia\/wp-json\/wp\/v2\/media\/148654"}],"wp:attachment":[{"href":"https:\/\/www.redenoticia.com.br\/noticia\/wp-json\/wp\/v2\/media?parent=165069"}],"wp:term":[{"taxonomy":"category","embeddable":true,"href":"https:\/\/www.redenoticia.com.br\/noticia\/wp-json\/wp\/v2\/categories?post=165069"},{"taxonomy":"post_tag","embeddable":true,"href":"https:\/\/www.redenoticia.com.br\/noticia\/wp-json\/wp\/v2\/tags?post=165069"}],"curies":[{"name":"wp","href":"https:\/\/api.w.org\/{rel}","templated":true}]}}