{"id":165005,"date":"2019-01-09T23:54:01","date_gmt":"2019-01-10T01:54:01","guid":{"rendered":"https:\/\/www.redenoticia.com.br\/noticia\/?p=165005"},"modified":"2019-01-09T19:45:23","modified_gmt":"2019-01-09T21:45:23","slug":"hemocentro-de-ribeirao-preto-oferece-cursos-de-hemoterapia-e-medicina-transfusional","status":"publish","type":"post","link":"https:\/\/www.redenoticia.com.br\/noticia\/2019\/hemocentro-de-ribeirao-preto-oferece-cursos-de-hemoterapia-e-medicina-transfusional\/165005","title":{"rendered":"Hemocentro de Ribeir\u00e3o Preto oferece cursos de Hemoterapia e Medicina Transfusional"},"content":{"rendered":"<p> Ag\u00eancia FAPESP\u00a0\u2013 Est\u00e3o abertas at\u00e9 21 de janeiro as inscri\u00e7\u00f5es para os <strong><em>cursos de Hemoterapia Aplicada e Medicina Transfusional<\/em><\/strong> do Hemocentro de Ribeir\u00e3o Preto, ligado \u00e0 Faculdade de Medicina de Ribeir\u00e3o Preto da Universidade de S\u00e3o Paulo (USP).<\/p>\n<p>O curso de Hemoterapia Aplicada aborda conte\u00fados voltados \u00e0 parte pr\u00e1tica da atividade. J\u00e1 o curso de Medicina Transfusional traz temas b\u00e1sicos e avan\u00e7ados da \u00e1rea.<\/p>\n<p>As disciplinas s\u00e3o destinadas a m\u00e9dicos hemoterapeutas, farmac\u00eauticos, biom\u00e9dicos, bi\u00f3logos, enfermeiros, assistentes sociais e alunos de gradua\u00e7\u00e3o e p\u00f3s-gradua\u00e7\u00e3o.<\/p>\n<p>Ao todo, s\u00e3o 150 vagas dispon\u00edveis para cada modalidade. As aulas s\u00e3o mensais, sempre \u00e0s 12h30, com uma hora de dura\u00e7\u00e3o. Ter\u00e3o direito a certificado os participantes com presen\u00e7a em pelo menos oito datas.<\/p>\n<p>A inscri\u00e7\u00e3o \u00e9 gratuita e pode ser realizada em\u00a0.<\/p>\n<p>http:\/\/agencia.fapesp.br\/noticias\/<\/p>\n","protected":false},"excerpt":{"rendered":"<p>Ag\u00eancia FAPESP\u00a0\u2013 Est\u00e3o abertas at\u00e9 21 de janeiro as inscri\u00e7\u00f5es para os cursos de Hemoterapia Aplicada e Medicina Transfusional do Hemocentro de Ribeir\u00e3o Preto, ligado \u00e0 Faculdade de Medicina de Ribeir\u00e3o Preto da Universidade de S\u00e3o Paulo (USP). O curso de Hemoterapia Aplicada aborda conte\u00fados voltados \u00e0 parte pr\u00e1tica da atividade. J\u00e1 o curso de [&hellip;]<\/p>\n","protected":false},"author":2,"featured_media":148093,"comment_status":"open","ping_status":"closed","sticky":false,"template":"","format":"standard","meta":{"_genesis_hide_title":false,"_genesis_hide_breadcrumbs":false,"_genesis_hide_singular_image":false,"_genesis_hide_footer_widgets":false,"_genesis_custom_body_class":"","_genesis_custom_post_class":"","_genesis_layout":"","_jetpack_memberships_contains_paid_content":false,"footnotes":""},"categories":[351,370],"tags":[],"class_list":{"0":"post-165005","1":"post","2":"type-post","3":"status-publish","4":"format-standard","5":"has-post-thumbnail","7":"category-cursos","8":"category-inscricao","9":"entry","10":"gs-1","11":"gs-odd","12":"gs-even","13":"gs-featured-content-entry"},"jetpack_featured_media_url":"https:\/\/www.redenoticia.com.br\/noticia\/imagens\/doacao-sangue.jpg","jetpack_sharing_enabled":true,"jetpack_likes_enabled":true,"_links":{"self":[{"href":"https:\/\/www.redenoticia.com.br\/noticia\/wp-json\/wp\/v2\/posts\/165005","targetHints":{"allow":["GET"]}}],"collection":[{"href":"https:\/\/www.redenoticia.com.br\/noticia\/wp-json\/wp\/v2\/posts"}],"about":[{"href":"https:\/\/www.redenoticia.com.br\/noticia\/wp-json\/wp\/v2\/types\/post"}],"author":[{"embeddable":true,"href":"https:\/\/www.redenoticia.com.br\/noticia\/wp-json\/wp\/v2\/users\/2"}],"replies":[{"embeddable":true,"href":"https:\/\/www.redenoticia.com.br\/noticia\/wp-json\/wp\/v2\/comments?post=165005"}],"version-history":[{"count":0,"href":"https:\/\/www.redenoticia.com.br\/noticia\/wp-json\/wp\/v2\/posts\/165005\/revisions"}],"wp:featuredmedia":[{"embeddable":true,"href":"https:\/\/www.redenoticia.com.br\/noticia\/wp-json\/wp\/v2\/media\/148093"}],"wp:attachment":[{"href":"https:\/\/www.redenoticia.com.br\/noticia\/wp-json\/wp\/v2\/media?parent=165005"}],"wp:term":[{"taxonomy":"category","embeddable":true,"href":"https:\/\/www.redenoticia.com.br\/noticia\/wp-json\/wp\/v2\/categories?post=165005"},{"taxonomy":"post_tag","embeddable":true,"href":"https:\/\/www.redenoticia.com.br\/noticia\/wp-json\/wp\/v2\/tags?post=165005"}],"curies":[{"name":"wp","href":"https:\/\/api.w.org\/{rel}","templated":true}]}}