{"id":1650,"date":"2009-05-14T19:19:26","date_gmt":"2009-05-14T23:19:26","guid":{"rendered":"http:\/\/www.redenoticia.com.br\/noticia\/?p=1650"},"modified":"2009-05-14T19:19:48","modified_gmt":"2009-05-14T23:19:48","slug":"valdir-raupp-anuncia-dez-novas-agencias-do-inss-para-seu-estado","status":"publish","type":"post","link":"https:\/\/www.redenoticia.com.br\/noticia\/2009\/valdir-raupp-anuncia-dez-novas-agencias-do-inss-para-seu-estado\/1650","title":{"rendered":"Valdir Raupp anuncia dez novas ag\u00eancias do INSS para Rond\u00f4nia"},"content":{"rendered":"<p class=\"MsoNormal\"><span style=\"font-family: Arial;\"><a href=\"https:\/\/www.redenoticia.com.br\/noticia\/imagens\/\/raupp1.jpg\"><img loading=\"lazy\" decoding=\"async\" class=\"alignleft size-thumbnail wp-image-1649\" title=\"raupp1\" src=\"https:\/\/www.redenoticia.com.br\/noticia\/imagens\/\/raupp1-148x112.jpg\" alt=\"raupp1\" width=\"148\" height=\"112\" \/><\/a>O senador Valdir Raupp (PMDB-RO) informou em Plen\u00e1rio, nesta quinta-feira (14), que o governo federal dever\u00e1 entregar, at\u00e9 o final do ano, dez novas ag\u00eancias de atendimento do Instituto Nacional do Seguro Social (INSS) a cidades de seu estado. <\/span><\/p>\n<p class=\"MsoNormal\"><span style=\"font-family: Arial;\">As cidades a serem contempladas com as ag\u00eancias do INSS ser\u00e3o: Alta Floresta do Oeste; Buritis; Colorado do Oeste; Espig\u00e3o do Oeste; Nova Mamor\u00e9; Pimenta Bueno; Porto Velho; Presidente M\u00e9dici; Rolim de Moura e S\u00e3o Miguel do Guapor\u00e9. O investimento total para a constru\u00e7\u00e3o das novas unidades do INSS foi de R$ 8,9 milh\u00f5es. <\/span><\/p>\n<p class=\"MsoNormal\"><span style=\"font-family: Arial;\">Raupp agradeceu ao ministro da Previd\u00eancia, Jos\u00e9 Pimentel, e ao presidente do INSS, Valdir Mois\u00e9s Sim\u00e3o, pela constru\u00e7\u00e3o dos postos do INSS em Rond\u00f4nia. <strong> <\/strong><\/span><\/p>\n<p class=\"MsoNormal\"><span style=\"font-family: Arial;\">Ag\u00eancia Senado<\/span><\/p>\n","protected":false},"excerpt":{"rendered":"<p>O senador Valdir Raupp (PMDB-RO) informou em Plen\u00e1rio, nesta quinta-feira (14), que o governo federal dever\u00e1 entregar, at\u00e9 o final do ano, dez novas ag\u00eancias de atendimento do Instituto Nacional do Seguro Social (INSS) a cidades de seu estado. As cidades a serem contempladas com as ag\u00eancias do INSS ser\u00e3o: Alta Floresta do Oeste; Buritis; [&hellip;]<\/p>\n","protected":false},"author":3,"featured_media":0,"comment_status":"open","ping_status":"open","sticky":false,"template":"","format":"standard","meta":{"_genesis_hide_title":false,"_genesis_hide_breadcrumbs":false,"_genesis_hide_singular_image":false,"_genesis_hide_footer_widgets":false,"_genesis_custom_body_class":"","_genesis_custom_post_class":"","_genesis_layout":"","_jetpack_memberships_contains_paid_content":false,"footnotes":""},"categories":[22],"tags":[],"class_list":{"0":"post-1650","1":"post","2":"type-post","3":"status-publish","4":"format-standard","6":"category-brasil","7":"entry","8":"gs-1","9":"gs-odd","10":"gs-even","11":"gs-featured-content-entry"},"jetpack_featured_media_url":"","jetpack_sharing_enabled":true,"jetpack_likes_enabled":true,"_links":{"self":[{"href":"https:\/\/www.redenoticia.com.br\/noticia\/wp-json\/wp\/v2\/posts\/1650","targetHints":{"allow":["GET"]}}],"collection":[{"href":"https:\/\/www.redenoticia.com.br\/noticia\/wp-json\/wp\/v2\/posts"}],"about":[{"href":"https:\/\/www.redenoticia.com.br\/noticia\/wp-json\/wp\/v2\/types\/post"}],"author":[{"embeddable":true,"href":"https:\/\/www.redenoticia.com.br\/noticia\/wp-json\/wp\/v2\/users\/3"}],"replies":[{"embeddable":true,"href":"https:\/\/www.redenoticia.com.br\/noticia\/wp-json\/wp\/v2\/comments?post=1650"}],"version-history":[{"count":0,"href":"https:\/\/www.redenoticia.com.br\/noticia\/wp-json\/wp\/v2\/posts\/1650\/revisions"}],"wp:attachment":[{"href":"https:\/\/www.redenoticia.com.br\/noticia\/wp-json\/wp\/v2\/media?parent=1650"}],"wp:term":[{"taxonomy":"category","embeddable":true,"href":"https:\/\/www.redenoticia.com.br\/noticia\/wp-json\/wp\/v2\/categories?post=1650"},{"taxonomy":"post_tag","embeddable":true,"href":"https:\/\/www.redenoticia.com.br\/noticia\/wp-json\/wp\/v2\/tags?post=1650"}],"curies":[{"name":"wp","href":"https:\/\/api.w.org\/{rel}","templated":true}]}}