{"id":1647,"date":"2009-05-14T19:13:36","date_gmt":"2009-05-14T23:13:36","guid":{"rendered":"http:\/\/www.redenoticia.com.br\/noticia\/?p=1647"},"modified":"2009-05-14T19:13:36","modified_gmt":"2009-05-14T23:13:36","slug":"queda-de-precos-e-aumento-da-massa-salarial-estimulam-vendas-nos-supermercados","status":"publish","type":"post","link":"https:\/\/www.redenoticia.com.br\/noticia\/2009\/queda-de-precos-e-aumento-da-massa-salarial-estimulam-vendas-nos-supermercados\/1647","title":{"rendered":"Queda de pre\u00e7os e aumento da massa salarial estimulam vendas nos supermercados"},"content":{"rendered":"<p class=\"MsoNormal\"><span style=\"font-family: Arial;\">Os brasileiros est\u00e3o gastando mais em supermercados e, na hora de encher o carrinho de compras, a escolha n\u00e3o se restringe aos alimentos da cesta b\u00e1sica \u2013 est\u00e3o inclu\u00eddos tamb\u00e9m produtos que indicam maior preocupa\u00e7\u00e3o com bem-estar e conforto dentro de casa.<\/p>\n<p>\u00c9 o que apontam pesquisas e an\u00e1lises sobre o comportamento dos consumidores e levantamentos que revelam crescimento de 2,12% nas vendas em n\u00edvel nacional no primeiro trimestre deste ano. S\u00f3 no estado de S\u00e3o Paulo, o crescimento nas vendas dos supermercados nesse per\u00edodo foi de 5,36%. <\/span><\/p>\n<p class=\"MsoNormal\" style=\"line-height: 12.75pt;\"><span style=\"font-family: Arial;\">O Grupo P\u00e3o de A\u00e7\u00facar , uma das maiores redes do varejo do setor, por exemplo, encerrou o trimestre com lucro l\u00edquido de R$ 94,9 milh\u00f5es, com alta de 27,3% sobre igual per\u00edodo do ano passado. Segundo o vice-presidente executivo do grupo, Eneas Pestana, o Nordeste vem se consolidando como segundo maior centro de consumo do pa\u00eds, o que justifica a inten\u00e7\u00e3o de ampliar os pontos de atendimento naquela regi\u00e3o. De janeiro a mar\u00e7o, em todas as lojas da rede, as vendas cresceram 6%.<\/span><\/p>\n<p class=\"MsoNormal\" style=\"line-height: 12.75pt;\"><span style=\"font-family: Arial;\">Outro exemplo do aquecimento \u00e9 o resultado obtido pelo Carrefour. Nota divulgada pelo grupo empresarial informa que, em 2008, o Carrefour liderou o <em>ranking<\/em> das 20 maiores redes de supermercados que operam no pa\u00eds. O grupo teve aumento de 16,7% no faturamento bruto, que foi de R$ 22,4 bilh\u00f5es. Na nota, o diretor-presidente da rede no Brasil, Jean-Marc Pueyo, informa que, neste ano, dever\u00e3o ser inauguradas mais 70 lojas em todas as bandeiras exploradas pelo grupo. Os investimentos previstos para 2009 e 2010 somam R$ 2 bilh\u00f5es.<\/span><\/p>\n<p class=\"MsoNormal\" style=\"line-height: 12.75pt;\"><span style=\"font-family: Arial;\">O presidente da Associa\u00e7\u00e3o Brasileira de Supermercados (Abras), Sussumo Honda, disse que o setor tem-se beneficiado da crise financeira internacional. Ele ressaltou que, antes mesmo desse ciclo, os supermercados vinham apresentando bom desempenho, tendo crescido 9% nos meses de janeiro, fevereiro e mar\u00e7o do ano passado. <\/span><\/p>\n<p class=\"MsoNormal\" style=\"line-height: 12.75pt;\"><span style=\"font-family: Arial;\">Com a demanda mais retra\u00edda no mercado global, a partir do segundo semestre do ano passado, isso levou a um recuo dos pre\u00e7os das <em>commodities <\/em>(produtos agr\u00edcolas e minerais comercializados no mercado externo), permitindo maior oferta interna de alimentos a pre\u00e7os mais baixos, acrescentou Honda.<\/span><\/p>\n<p class=\"MsoNormal\" style=\"line-height: 12.75pt;\"><span style=\"font-family: Arial;\">Segundo ele, outro fator que contribuiu para o aumento das vendas foi a redu\u00e7\u00e3o na oferta de cr\u00e9dito. Honda observou que houve uma migra\u00e7\u00e3o do consumo de bens dur\u00e1veis e mais caros para produtos de consumo mais imediato e baratos, caso dos itens comercializados nos supermercados. <\/span><\/p>\n<p class=\"MsoNormal\" style=\"line-height: 12.75pt;\"><span style=\"font-family: Arial;\">Al\u00e9m disso, lembrou Honda, em situa\u00e7\u00f5es de crise, \u201co primeiro corte de consumo das fam\u00edlias \u00e9 deixar de fazer as refei\u00e7\u00f5es em restaurantes ou lanchonetes&#8221;. Com isso, as fam\u00edlias acabam comprando mais produtos para fazer comida em casa. Ele reconheceu, no entanto, que o movimento reflete tamb\u00e9m o aumento da massa salarial, com mais oferta de emprego e renda.<\/span><\/p>\n<p class=\"MsoNormal\" style=\"line-height: 12.75pt;\"><span style=\"font-family: Arial;\">\u201cO brasileiro est\u00e1 mais esperto e cauteloso, depois de vivenciar outras crises econ\u00f4micas\u201d, afirmou o vice-presidente de Comunica\u00e7\u00f5es da Associa\u00e7\u00e3o Paulista de Supermercados (Apas), Martinho Paiva Moreira. <\/span><\/p>\n<p class=\"MsoNormal\" style=\"line-height: 12.75pt;\"><span style=\"font-family: Arial;\">Para ele, essa \u00e9 uma das raz\u00f5es que levaram ao aumento das vendas nos supermercados. Com base em uma pesquisa da LatinPanel, Moreira tamb\u00e9m disse que as pessoas deixaram de comprar bens mais caros e passaram a evitar gastos com lazer fora de casa. <\/span><\/p>\n<p class=\"MsoNormal\" style=\"line-height: 12.75pt;\"><span style=\"font-family: Arial;\">A LatinPanel, que acompanha o consumo na Am\u00e9rica latina, indica que, no primeiro trimestre deste ano, as fam\u00edlias brasileiras aumentaram em 9% o volume de compras de cestas de alimentos, bebidas e produtos de higiene pessoal e de limpeza. Moreira, no entanto, salientou que os itens mais caros t\u00eam sido substitu\u00eddos por mercadorias mais em conta.<\/span><\/p>\n<p class=\"MsoNormal\" style=\"line-height: 12.75pt;\"><span style=\"font-family: Arial;\">O economista Marcel Solimeo, da Associa\u00e7\u00e3o Comercial de S\u00e3o Paulo, ressaltou que \u00e9 natural, em momentos \u201cde economia em queda, com dificuldade de acesso ao cr\u00e9dito, os consumidores canalizarem suas compras para bens de menor valor\u201d. Em uma an\u00e1lise de comportamento, Solimeo destacou que as classes de renda mais baixa t\u00eam sido as mais favorecidas na melhoria salarial. De acordo com o economista, nessa faixa h\u00e1 uma tend\u00eancia em consumir mais alimentos.<\/span><\/p>\n<p class=\"MsoNormal\" style=\"margin-bottom: 12pt;\"><span style=\"font-family: Arial;\">Marli Moreira<br \/>\n<em>Rep\u00f3rter da Ag\u00eancia Brasil<\/em> <\/span><\/p>\n","protected":false},"excerpt":{"rendered":"<p>Os brasileiros est\u00e3o gastando mais em supermercados e, na hora de encher o carrinho de compras, a escolha n\u00e3o se restringe aos alimentos da cesta b\u00e1sica \u2013 est\u00e3o inclu\u00eddos tamb\u00e9m produtos que indicam maior preocupa\u00e7\u00e3o com bem-estar e conforto dentro de casa. \u00c9 o que apontam pesquisas e an\u00e1lises sobre o comportamento dos consumidores e [&hellip;]<\/p>\n","protected":false},"author":3,"featured_media":0,"comment_status":"open","ping_status":"open","sticky":false,"template":"","format":"standard","meta":{"_genesis_hide_title":false,"_genesis_hide_breadcrumbs":false,"_genesis_hide_singular_image":false,"_genesis_hide_footer_widgets":false,"_genesis_custom_body_class":"","_genesis_custom_post_class":"","_genesis_layout":"","_jetpack_memberships_contains_paid_content":false,"footnotes":""},"categories":[22],"tags":[],"class_list":{"0":"post-1647","1":"post","2":"type-post","3":"status-publish","4":"format-standard","6":"category-brasil","7":"entry","8":"gs-1","9":"gs-odd","10":"gs-even","11":"gs-featured-content-entry"},"jetpack_featured_media_url":"","jetpack_sharing_enabled":true,"jetpack_likes_enabled":true,"_links":{"self":[{"href":"https:\/\/www.redenoticia.com.br\/noticia\/wp-json\/wp\/v2\/posts\/1647","targetHints":{"allow":["GET"]}}],"collection":[{"href":"https:\/\/www.redenoticia.com.br\/noticia\/wp-json\/wp\/v2\/posts"}],"about":[{"href":"https:\/\/www.redenoticia.com.br\/noticia\/wp-json\/wp\/v2\/types\/post"}],"author":[{"embeddable":true,"href":"https:\/\/www.redenoticia.com.br\/noticia\/wp-json\/wp\/v2\/users\/3"}],"replies":[{"embeddable":true,"href":"https:\/\/www.redenoticia.com.br\/noticia\/wp-json\/wp\/v2\/comments?post=1647"}],"version-history":[{"count":0,"href":"https:\/\/www.redenoticia.com.br\/noticia\/wp-json\/wp\/v2\/posts\/1647\/revisions"}],"wp:attachment":[{"href":"https:\/\/www.redenoticia.com.br\/noticia\/wp-json\/wp\/v2\/media?parent=1647"}],"wp:term":[{"taxonomy":"category","embeddable":true,"href":"https:\/\/www.redenoticia.com.br\/noticia\/wp-json\/wp\/v2\/categories?post=1647"},{"taxonomy":"post_tag","embeddable":true,"href":"https:\/\/www.redenoticia.com.br\/noticia\/wp-json\/wp\/v2\/tags?post=1647"}],"curies":[{"name":"wp","href":"https:\/\/api.w.org\/{rel}","templated":true}]}}