{"id":1640,"date":"2009-05-14T18:46:27","date_gmt":"2009-05-14T22:46:27","guid":{"rendered":"http:\/\/www.redenoticia.com.br\/noticia\/?p=1640"},"modified":"2009-05-14T18:46:27","modified_gmt":"2009-05-14T22:46:27","slug":"a-final-do-joer-categoria-juvenil-sera-em-ji-parana","status":"publish","type":"post","link":"https:\/\/www.redenoticia.com.br\/noticia\/2009\/a-final-do-joer-categoria-juvenil-sera-em-ji-parana\/1640","title":{"rendered":"A final do JOER categoria juvenil ser\u00e1 em Ji-Paran\u00e1"},"content":{"rendered":"<p class=\"MsoNormal\"><span style=\"font-family: Arial;\">Consolidados no calend\u00e1rio\u00a0do Estado, os Jogos Escolares de Rond\u00f4nia (Joer) foram abertos na noite desta quarta-feira (13), em Porto Velho, em sua fase Metropolitana, sob forte emo\u00e7\u00e3o dos alunos atletas e comiss\u00e3o organizadora. <\/span><\/p>\n<p class=\"MsoNormal\"><span style=\"font-family: Arial;\">Promovidos pelo Governo do Estado, por meio da\u00a0REN\/CEC\/Seduc, os jogos mobilizam mais de 100 mil alunos em suas diversas fases, conforme explicou a secret\u00e1ria\u00a0Marli Cahulla, come\u00e7ando em mar\u00e7o com a fase interclasse, seguida das municipais, regionais e a estadual, que seleciona as melhores equipes para representar o Estado nas Olimp\u00edadas Escolares, antigos JEBs. <\/span><\/p>\n<p class=\"MsoNormal\"><span style=\"font-family: Arial;\">A coordenadora de Esporte e Cultura da Seduc, M\u00e1rcia Cassol, garantiu que, por determina\u00e7\u00e3o do governador e da secret\u00e1ria Marli, o Joer est\u00e1 acontecendo dentro do cronograma previsto, come\u00e7ando pela fase Interclasse (mar\u00e7o\/abril), Municipal (maio), chegando \u00e0 Regional do Guapor\u00e9 (4 a 10 de maio), em Costa Marques; Metropolitana de Porto Velho (13 a 30); Norte (16 a 22), em Ariquemes; Parecis (21 a 25), em Buritis; Cone Sul e Zona da Mata (30 de maio a 7 de junho), em Colorado do Oeste e Rolim de Moura, respectivamente; Mamor\u00e9 (4 a 10 de junho), em Guajar\u00e1-Mirim; Centro (8 a 14 de junho), em Pimenta Bueno; Noroeste (12 a 18 de junho), em Jaru; e Regional Centro-Oeste (16 a 22), em Ouro Preto do Oeste. A final infantil ser\u00e1 realizada de 3 a 12 de julho, em Porto Velho, enquanto a <span style=\"text-decoration: underline;\">juvenil acontecer\u00e1 de 14 a 22 de agosto, em Ji-Paran\u00e1.<\/span><\/span><\/p>\n<p class=\"MsoNormal\"><span style=\"font-family: Arial;\">Veronilda Lima<\/span><\/p>\n","protected":false},"excerpt":{"rendered":"<p>Consolidados no calend\u00e1rio\u00a0do Estado, os Jogos Escolares de Rond\u00f4nia (Joer) foram abertos na noite desta quarta-feira (13), em Porto Velho, em sua fase Metropolitana, sob forte emo\u00e7\u00e3o dos alunos atletas e comiss\u00e3o organizadora. Promovidos pelo Governo do Estado, por meio da\u00a0REN\/CEC\/Seduc, os jogos mobilizam mais de 100 mil alunos em suas diversas fases, conforme explicou [&hellip;]<\/p>\n","protected":false},"author":3,"featured_media":0,"comment_status":"open","ping_status":"open","sticky":false,"template":"","format":"standard","meta":{"_genesis_hide_title":false,"_genesis_hide_breadcrumbs":false,"_genesis_hide_singular_image":false,"_genesis_hide_footer_widgets":false,"_genesis_custom_body_class":"","_genesis_custom_post_class":"","_genesis_layout":"","_jetpack_memberships_contains_paid_content":false,"footnotes":""},"categories":[22],"tags":[],"class_list":{"0":"post-1640","1":"post","2":"type-post","3":"status-publish","4":"format-standard","6":"category-brasil","7":"entry","8":"gs-1","9":"gs-odd","10":"gs-even","11":"gs-featured-content-entry"},"jetpack_featured_media_url":"","jetpack_sharing_enabled":true,"jetpack_likes_enabled":true,"_links":{"self":[{"href":"https:\/\/www.redenoticia.com.br\/noticia\/wp-json\/wp\/v2\/posts\/1640","targetHints":{"allow":["GET"]}}],"collection":[{"href":"https:\/\/www.redenoticia.com.br\/noticia\/wp-json\/wp\/v2\/posts"}],"about":[{"href":"https:\/\/www.redenoticia.com.br\/noticia\/wp-json\/wp\/v2\/types\/post"}],"author":[{"embeddable":true,"href":"https:\/\/www.redenoticia.com.br\/noticia\/wp-json\/wp\/v2\/users\/3"}],"replies":[{"embeddable":true,"href":"https:\/\/www.redenoticia.com.br\/noticia\/wp-json\/wp\/v2\/comments?post=1640"}],"version-history":[{"count":0,"href":"https:\/\/www.redenoticia.com.br\/noticia\/wp-json\/wp\/v2\/posts\/1640\/revisions"}],"wp:attachment":[{"href":"https:\/\/www.redenoticia.com.br\/noticia\/wp-json\/wp\/v2\/media?parent=1640"}],"wp:term":[{"taxonomy":"category","embeddable":true,"href":"https:\/\/www.redenoticia.com.br\/noticia\/wp-json\/wp\/v2\/categories?post=1640"},{"taxonomy":"post_tag","embeddable":true,"href":"https:\/\/www.redenoticia.com.br\/noticia\/wp-json\/wp\/v2\/tags?post=1640"}],"curies":[{"name":"wp","href":"https:\/\/api.w.org\/{rel}","templated":true}]}}