{"id":1636,"date":"2009-05-14T17:27:23","date_gmt":"2009-05-14T21:27:23","guid":{"rendered":"http:\/\/www.redenoticia.com.br\/noticia\/?p=1636"},"modified":"2009-05-14T17:28:14","modified_gmt":"2009-05-14T21:28:14","slug":"accir-gurgacz-confirma-pre-candidatura-para-o-governo-de-rondonia","status":"publish","type":"post","link":"https:\/\/www.redenoticia.com.br\/noticia\/2009\/accir-gurgacz-confirma-pre-candidatura-para-o-governo-de-rondonia\/1636","title":{"rendered":"Acir Gurgacz confirma pr\u00e9-candidatura para o governo de Rond\u00f4nia"},"content":{"rendered":"<p><span style=\"font-family: 'Times New Roman'; color: #000000; font-size: small;\">O Partido Democr\u00e1tico Trabalhista \u2013 PDT , confirmou a pr\u00e9-candidatura ao Governo de Rond\u00f4nia,\u00a0<span>\u00a0<\/span>do seu presidente regional e empres\u00e1rio, Acir Gurgacz. A decis\u00e3o, conforme informa\u00e7\u00e3o do vice-presidente do partido e secret\u00e1rio de Organiza\u00e7\u00e3o Partid\u00e1ria, Ruy Motta, foi tomada depois de v\u00e1rias reuni\u00f5es setoriais no Estado e da reuni\u00e3o da Executiva Nacional do PDT, ocorrida em Bras\u00edlia, ontem ( quarta-feira) a noite.<\/span><\/p>\n<p><span style=\"font-family: 'Times New Roman'; color: #000000; font-size: small;\">\u00a0<\/span><\/p>\n<p><span style=\"font-family: 'Times New Roman'; color: #000000; font-size: small;\">Segundo Ruy Motta o PDT j\u00e1 est\u00e1 se mobilizando em todo o Estado em prol da viabiliza\u00e7\u00e3o e organiza\u00e7\u00e3o da pr\u00e9-candidatura de Acir Gurgacz ao Governo de Rond\u00f4nia, inicialmente, constituindo as comiss\u00f5es de Plano de Governo e Articula\u00e7\u00e3o de Apoios e Coliga\u00e7\u00f5es.<\/span><\/p>\n<p><span style=\"font-family: 'Times New Roman'; color: #000000; font-size: small;\">\u00a0<\/span><\/p>\n<p><span style=\"font-family: 'Times New Roman'; color: #000000; font-size: small;\">O lan\u00e7amento oficial da pr\u00e9-candidatura de Acir Gurgacz ao Governo do Estado ser\u00e1 feito no Encontro Estadual do PDT que est\u00e1 indicado para acontecer no final do m\u00eas de mai<\/span><\/p>\n","protected":false},"excerpt":{"rendered":"<p>O Partido Democr\u00e1tico Trabalhista \u2013 PDT , confirmou a pr\u00e9-candidatura ao Governo de Rond\u00f4nia,\u00a0\u00a0do seu presidente regional e empres\u00e1rio, Acir Gurgacz. A decis\u00e3o, conforme informa\u00e7\u00e3o do vice-presidente do partido e secret\u00e1rio de Organiza\u00e7\u00e3o Partid\u00e1ria, Ruy Motta, foi tomada depois de v\u00e1rias reuni\u00f5es setoriais no Estado e da reuni\u00e3o da Executiva Nacional do PDT, ocorrida em [&hellip;]<\/p>\n","protected":false},"author":2,"featured_media":0,"comment_status":"open","ping_status":"open","sticky":false,"template":"","format":"standard","meta":{"_genesis_hide_title":false,"_genesis_hide_breadcrumbs":false,"_genesis_hide_singular_image":false,"_genesis_hide_footer_widgets":false,"_genesis_custom_body_class":"","_genesis_custom_post_class":"","_genesis_layout":"","_jetpack_memberships_contains_paid_content":false,"footnotes":""},"categories":[22],"tags":[],"class_list":{"0":"post-1636","1":"post","2":"type-post","3":"status-publish","4":"format-standard","6":"category-brasil","7":"entry","8":"gs-1","9":"gs-odd","10":"gs-even","11":"gs-featured-content-entry"},"jetpack_featured_media_url":"","jetpack_sharing_enabled":true,"jetpack_likes_enabled":true,"_links":{"self":[{"href":"https:\/\/www.redenoticia.com.br\/noticia\/wp-json\/wp\/v2\/posts\/1636","targetHints":{"allow":["GET"]}}],"collection":[{"href":"https:\/\/www.redenoticia.com.br\/noticia\/wp-json\/wp\/v2\/posts"}],"about":[{"href":"https:\/\/www.redenoticia.com.br\/noticia\/wp-json\/wp\/v2\/types\/post"}],"author":[{"embeddable":true,"href":"https:\/\/www.redenoticia.com.br\/noticia\/wp-json\/wp\/v2\/users\/2"}],"replies":[{"embeddable":true,"href":"https:\/\/www.redenoticia.com.br\/noticia\/wp-json\/wp\/v2\/comments?post=1636"}],"version-history":[{"count":0,"href":"https:\/\/www.redenoticia.com.br\/noticia\/wp-json\/wp\/v2\/posts\/1636\/revisions"}],"wp:attachment":[{"href":"https:\/\/www.redenoticia.com.br\/noticia\/wp-json\/wp\/v2\/media?parent=1636"}],"wp:term":[{"taxonomy":"category","embeddable":true,"href":"https:\/\/www.redenoticia.com.br\/noticia\/wp-json\/wp\/v2\/categories?post=1636"},{"taxonomy":"post_tag","embeddable":true,"href":"https:\/\/www.redenoticia.com.br\/noticia\/wp-json\/wp\/v2\/tags?post=1636"}],"curies":[{"name":"wp","href":"https:\/\/api.w.org\/{rel}","templated":true}]}}