{"id":163401,"date":"2018-12-26T21:33:25","date_gmt":"2018-12-26T23:33:25","guid":{"rendered":"https:\/\/www.redenoticia.com.br\/noticia\/?p=163401"},"modified":"2018-12-27T00:28:06","modified_gmt":"2018-12-27T02:28:06","slug":"novela-o-setimo-guardiao-valentina-desfaz-acordo-e-marilda-envelhece","status":"publish","type":"post","link":"https:\/\/www.redenoticia.com.br\/noticia\/2018\/novela-o-setimo-guardiao-valentina-desfaz-acordo-e-marilda-envelhece\/163401","title":{"rendered":"Novela \u201cO S\u00e9timo Guardi\u00e3o\u201d: Valentina desfaz acordo e Marilda envelhece"},"content":{"rendered":"<p><img loading=\"lazy\" decoding=\"async\" class=\"aligncenter size-large wp-image-154961\" src=\"https:\/\/www.redenoticia.com.br\/noticia\/imagens\/o-setimo-guardiao-1-396x300.jpg\" alt=\"\" width=\"396\" height=\"300\" srcset=\"https:\/\/www.redenoticia.com.br\/noticia\/imagens\/o-setimo-guardiao-1-396x300.jpg 396w, https:\/\/www.redenoticia.com.br\/noticia\/imagens\/o-setimo-guardiao-1-247x187.jpg 247w, https:\/\/www.redenoticia.com.br\/noticia\/imagens\/o-setimo-guardiao-1-150x114.jpg 150w, https:\/\/www.redenoticia.com.br\/noticia\/imagens\/o-setimo-guardiao-1-534x405.jpg 534w, https:\/\/www.redenoticia.com.br\/noticia\/imagens\/o-setimo-guardiao-1.jpg 535w\" sizes=\"auto, (max-width: 396px) 100vw, 396px\" \/><strong><em>Novela &#8220;O S\u00e9timo Guardi\u00e3o\u201d:<\/em><\/strong> Marilda (Let\u00edcia Spiller) precisa da \u00e1gua milagrosa para se manter jovem e entra na casa de Valentina (Lilia Cabral) para renovar seu estoque. Ela descobre que a passagem foi bloqueada e reclama: &#8220;N\u00e3o acredito! Aquela vaca da Marlene fechou a passagem pra fonte! Todo o meu esfor\u00e7o em v\u00e3o!&#8230; Como \u00e9 que me fazem uma coisa dessas?! N\u00e3o tenho mais acesso \u00e0 \u00e1gua milagrosa! Vou ficar velha! Caqu\u00e9tica! Horrorosa! Eurico (Dan Stulbach) n\u00e3o vai mais me querer&#8230; E o pedreiro da coxa grossa nunca mais vai olhar pra mim! Isso n\u00e3o pode acontecer! Marlene! Ela deve ter um estoque da \u00e1gua e vai ter que dividir comigo!&#8221;<\/p>\n<p>Valentina (Lilia Cabral) prende a irm\u00e3 na passagem, elas discutem e Marilda diz: &#8220;Queria lhe pedir um pouco da \u00e1gua da fonte! N\u00e3o lhe encontrei, entrei no t\u00fanel. E quando cheguei na metade a passagem estava fechada! O que aconteceu?&#8221;. Valentina explica: &#8220;nosso trato foi anulado. Seu marido a representou no distrato e entrou em seu lugar na sociedade&#8221;. Marilda sai sem a \u00e1gua, e Socorro (In\u00eas Peixoto) e Raimunda (Julia Konrad) reparam na apar\u00eancia dela: &#8220;O que aconteceu com a senhora? Sua pele. Sua cara. Tudo despencou!&#8221;. Cena prevista para 12 de janeiro na Novela \u201cO S\u00e9timo Guardi\u00e3o\u201d.<\/p>\n<p>Destaques<\/p>\n<p>Sinopse \u201cO S\u00e9timo Guardi\u00e3o\u201d: \u00c0 primeira vista, Serro Azul pode parecer apenas mais uma t\u00edpica cidade do interior, pacata e cercada por montanhas, onde avan\u00e7os tecnol\u00f3gicos como internet e telefonia celular ainda n\u00e3o chegaram. Um lugar pelo qual quem passa n\u00e3o d\u00e1 muita aten\u00e7\u00e3o, sem saber o que est\u00e1 perdendo, afinal, uma cidade que \u00e9 vizinha de Greenville e Tubiancanga n\u00e3o poderia deixar de ter suas peculiaridades. A principal delas \u00e9 uma fonte com propriedades curativas e rejuvenescedoras, que \u00e9 a parte mais externa de um gigantesco aqu\u00edfero, uma enorme reserva daquilo que a cada dia se torna o bem mais precioso da Terra: a \u00e1gua. Essa fonte \u00e9 protegida por sete guardi\u00e3es que t\u00eam como miss\u00e3o garantir que essa riqueza n\u00e3o chegue \u00e0s m\u00e3os erradas.<\/p>\n","protected":false},"excerpt":{"rendered":"<p>Novela &#8220;O S\u00e9timo Guardi\u00e3o\u201d: Marilda (Let\u00edcia Spiller) precisa da \u00e1gua milagrosa para se manter jovem e entra na casa de Valentina (Lilia Cabral) para renovar seu estoque. Ela descobre que a passagem foi bloqueada e reclama: &#8220;N\u00e3o acredito! Aquela vaca da Marlene fechou a passagem pra fonte! Todo o meu esfor\u00e7o em v\u00e3o!&#8230; Como \u00e9 [&hellip;]<\/p>\n","protected":false},"author":2,"featured_media":159066,"comment_status":"open","ping_status":"closed","sticky":false,"template":"","format":"standard","meta":{"_genesis_hide_title":false,"_genesis_hide_breadcrumbs":false,"_genesis_hide_singular_image":false,"_genesis_hide_footer_widgets":false,"_genesis_custom_body_class":"","_genesis_custom_post_class":"","_genesis_layout":"","_jetpack_memberships_contains_paid_content":false,"footnotes":""},"categories":[388,379,530,375,343],"tags":[440],"class_list":{"0":"post-163401","1":"post","2":"type-post","3":"status-publish","4":"format-standard","5":"has-post-thumbnail","7":"category-destaques","8":"category-novelas","9":"category-o-setimo-guardiao","10":"category-rede-globo","11":"category-televisao","12":"tag-noticia-novela","13":"entry","14":"gs-1","15":"gs-odd","16":"gs-even","17":"gs-featured-content-entry"},"jetpack_featured_media_url":"https:\/\/www.redenoticia.com.br\/noticia\/imagens\/o-setimo-guardiao-119.jpg","jetpack_sharing_enabled":true,"jetpack_likes_enabled":true,"_links":{"self":[{"href":"https:\/\/www.redenoticia.com.br\/noticia\/wp-json\/wp\/v2\/posts\/163401","targetHints":{"allow":["GET"]}}],"collection":[{"href":"https:\/\/www.redenoticia.com.br\/noticia\/wp-json\/wp\/v2\/posts"}],"about":[{"href":"https:\/\/www.redenoticia.com.br\/noticia\/wp-json\/wp\/v2\/types\/post"}],"author":[{"embeddable":true,"href":"https:\/\/www.redenoticia.com.br\/noticia\/wp-json\/wp\/v2\/users\/2"}],"replies":[{"embeddable":true,"href":"https:\/\/www.redenoticia.com.br\/noticia\/wp-json\/wp\/v2\/comments?post=163401"}],"version-history":[{"count":0,"href":"https:\/\/www.redenoticia.com.br\/noticia\/wp-json\/wp\/v2\/posts\/163401\/revisions"}],"wp:featuredmedia":[{"embeddable":true,"href":"https:\/\/www.redenoticia.com.br\/noticia\/wp-json\/wp\/v2\/media\/159066"}],"wp:attachment":[{"href":"https:\/\/www.redenoticia.com.br\/noticia\/wp-json\/wp\/v2\/media?parent=163401"}],"wp:term":[{"taxonomy":"category","embeddable":true,"href":"https:\/\/www.redenoticia.com.br\/noticia\/wp-json\/wp\/v2\/categories?post=163401"},{"taxonomy":"post_tag","embeddable":true,"href":"https:\/\/www.redenoticia.com.br\/noticia\/wp-json\/wp\/v2\/tags?post=163401"}],"curies":[{"name":"wp","href":"https:\/\/api.w.org\/{rel}","templated":true}]}}