{"id":163161,"date":"2018-12-21T23:59:32","date_gmt":"2018-12-22T01:59:32","guid":{"rendered":"https:\/\/www.redenoticia.com.br\/noticia\/?p=163161"},"modified":"2018-12-21T23:59:32","modified_gmt":"2018-12-22T01:59:32","slug":"resumo-novela-belissima-24-12-bia-fica-livida-ao-saber-que-aquilino-foi-preso","status":"publish","type":"post","link":"https:\/\/www.redenoticia.com.br\/noticia\/2018\/resumo-novela-belissima-24-12-bia-fica-livida-ao-saber-que-aquilino-foi-preso\/163161","title":{"rendered":"Resumo novela \u201cBel\u00edssima\u201d 24\/12: Bia fica l\u00edvida ao saber que Aquilino foi preso"},"content":{"rendered":"<p><strong><em><img loading=\"lazy\" decoding=\"async\" class=\"aligncenter size-large wp-image-153839\" src=\"https:\/\/www.redenoticia.com.br\/noticia\/imagens\/belissima-02-400x236.jpg\" alt=\"\" width=\"400\" height=\"236\" srcset=\"https:\/\/www.redenoticia.com.br\/noticia\/imagens\/belissima-02-400x236.jpg 400w, https:\/\/www.redenoticia.com.br\/noticia\/imagens\/belissima-02-250x147.jpg 250w, https:\/\/www.redenoticia.com.br\/noticia\/imagens\/belissima-02-696x410.jpg 696w, https:\/\/www.redenoticia.com.br\/noticia\/imagens\/belissima-02-150x88.jpg 150w, https:\/\/www.redenoticia.com.br\/noticia\/imagens\/belissima-02.jpg 730w\" sizes=\"auto, (max-width: 400px) 100vw, 400px\" \/>Resumo novela \u201cBel\u00edssima\u201d 24\/12 <\/em><\/strong>: no cap\u00edtulo 142(*) da novela, resumo de segunda-feira, 24 de dezembro, Bia nega qualquer envolvimento com a implica\u00e7\u00e3o de Vit\u00f3ria na morte de Pedro. Aquilino \u00e9 levado algemado pela pol\u00edcia. Andr\u00e9 diz a M\u00f4nica que Aquilino colocou-o na encrenca que mudou sua vida. M\u00f4nica chama Yvete de mau car\u00e1ter e sugere que ela tenha um caso com Alberto. Medeiros declara que o dinheiro de Bia foi enviado \u00e0 Gr\u00e9cia para investimento.<\/p>\n<p>Bia fica l\u00edvida ao saber que Aquilino foi preso. Dagmar sugere que M\u00f4nica converse com Cemil sobre a chegada de Andr\u00e9 a S\u00e3o Paulo. Ester implora para n\u00e3o se mudar da casa. Pascoal prepara com Jamanta a surpresa que far\u00e1 no casamento. Andr\u00e9 garante a Alberto que tudo que fez \u00e9 porque \u00e9 muito apaixonado por J\u00falia.<\/p>\n<p>Gilberto traz a sua sala o preso que tentou suborn\u00e1-lo, mas o homem nega conhecer Bia e Medeiros. Bia comenta com Medeiros que Aquilino n\u00e3o pode abrir a boca. Nikos garante a Katina que vai contar, um dia, para Cemil a verdade. Djulian corteja Mary. Andr\u00e9 exige explica\u00e7\u00f5es e Aquilino confessa que deu dinheiro para Valdete desaparecer. Bia exige que Vit\u00f3ria retire as acusa\u00e7\u00f5es. Ester faz quest\u00e3o de jantar com Safira, Freddy e Isaac. M\u00f4nica procura Cemil. Gilberto vai ao Tebas. Andr\u00e9 diz a J\u00falia que vai contar toda a verdade.<\/p>\n<p>(*) edi\u00e7\u00e3o da Rede Globo, Novela \u201cBel\u00edssima\u201d, sujeito a altera\u00e7\u00e3o de data e conte\u00fado.<\/p>\n<p>Simp\u00e1tica, bem-sucedida e discreta, J\u00falia Assump\u00e7\u00e3o \u00e9 presidente da Bel\u00edssima, refer\u00eancia mundial no setor de roupas \u00edntimas. Sua av\u00f3, Bia Falc\u00e3o, a pressiona para se tornar parecida com a m\u00e3e, Stella Assump\u00e7\u00e3o \u2013 que foi uma modelo bastante famosa, mito de beleza na d\u00e9cada de 1960. Fundadora da marca Bel\u00edssima, Stella morreu em um acidente de avi\u00e3o junto com seu marido, deixando \u00f3rf\u00e3os J\u00falia e Pedro. Desde ent\u00e3o, Bia Falc\u00e3o se tornou respons\u00e1vel pelos dois, tendo-os criado. At\u00e9 hoje tenta controlar a vida deles. Em casa, J\u00falia s\u00f3 encontra apoio no tio, Argemiro Falc\u00e3o, vulgo Gigi, e na governanta, Matilde. Bia faz de tudo para J\u00falia se sentir culpada pela morte dos pais.<\/p>\n<p>A vil\u00e3 far\u00e1 de tudo para acabar com os romances de Pedro com Vit\u00f3ria, uma ex- menina de rua que ele escolheu para ser sua esposa, com quem tem uma filha, e Vit\u00f3ria ser\u00e1 perseguida pela vil\u00e3 durante toda a trama, por\u00e9m, sem perder a fibra e a coragem; e de J\u00falia com Andr\u00e9 Santana. Este, apesar de n\u00e3o parecer inicialmente, \u00e9 um grande e terr\u00edvel vil\u00e3o, diab\u00f3lico e ambicioso, que almeja ser dono da Bel\u00edssima em conjunto com seu pai, Aquilino Santana, o seu Quiqui, que aparenta ser um bom velhinho, mas \u00e9, na verdade, um bandido da pior esp\u00e9cie, ex-matador de aluguel. Andr\u00e9 vai se envolver com J\u00falia e com a filha de J\u00falia, \u00c9rica, uma mulher f\u00fatil e perversa como a bisav\u00f3 Bia Falc\u00e3o. \u00c9rica \u00e9 aspirante a modelo.<\/p>\n","protected":false},"excerpt":{"rendered":"<p>Resumo novela \u201cBel\u00edssima\u201d 24\/12 : no cap\u00edtulo 142(*) da novela, resumo de segunda-feira, 24 de dezembro, Bia nega qualquer envolvimento com a implica\u00e7\u00e3o de Vit\u00f3ria na morte de Pedro. Aquilino \u00e9 levado algemado pela pol\u00edcia. Andr\u00e9 diz a M\u00f4nica que Aquilino colocou-o na encrenca que mudou sua vida. M\u00f4nica chama Yvete de mau car\u00e1ter e [&hellip;]<\/p>\n","protected":false},"author":2,"featured_media":148654,"comment_status":"open","ping_status":"closed","sticky":false,"template":"","format":"standard","meta":{"_genesis_hide_title":false,"_genesis_hide_breadcrumbs":false,"_genesis_hide_singular_image":false,"_genesis_hide_footer_widgets":false,"_genesis_custom_body_class":"","_genesis_custom_post_class":"","_genesis_layout":"","_jetpack_memberships_contains_paid_content":false,"footnotes":""},"categories":[485,379,375,343],"tags":[441],"class_list":{"0":"post-163161","1":"post","2":"type-post","3":"status-publish","4":"format-standard","5":"has-post-thumbnail","7":"category-belissima","8":"category-novelas","9":"category-rede-globo","10":"category-televisao","11":"tag-resumo-do-dia","12":"entry","13":"gs-1","14":"gs-odd","15":"gs-even","16":"gs-featured-content-entry"},"jetpack_featured_media_url":"https:\/\/www.redenoticia.com.br\/noticia\/imagens\/belissima-novela-resumo.jpg","jetpack_sharing_enabled":true,"jetpack_likes_enabled":true,"_links":{"self":[{"href":"https:\/\/www.redenoticia.com.br\/noticia\/wp-json\/wp\/v2\/posts\/163161","targetHints":{"allow":["GET"]}}],"collection":[{"href":"https:\/\/www.redenoticia.com.br\/noticia\/wp-json\/wp\/v2\/posts"}],"about":[{"href":"https:\/\/www.redenoticia.com.br\/noticia\/wp-json\/wp\/v2\/types\/post"}],"author":[{"embeddable":true,"href":"https:\/\/www.redenoticia.com.br\/noticia\/wp-json\/wp\/v2\/users\/2"}],"replies":[{"embeddable":true,"href":"https:\/\/www.redenoticia.com.br\/noticia\/wp-json\/wp\/v2\/comments?post=163161"}],"version-history":[{"count":0,"href":"https:\/\/www.redenoticia.com.br\/noticia\/wp-json\/wp\/v2\/posts\/163161\/revisions"}],"wp:featuredmedia":[{"embeddable":true,"href":"https:\/\/www.redenoticia.com.br\/noticia\/wp-json\/wp\/v2\/media\/148654"}],"wp:attachment":[{"href":"https:\/\/www.redenoticia.com.br\/noticia\/wp-json\/wp\/v2\/media?parent=163161"}],"wp:term":[{"taxonomy":"category","embeddable":true,"href":"https:\/\/www.redenoticia.com.br\/noticia\/wp-json\/wp\/v2\/categories?post=163161"},{"taxonomy":"post_tag","embeddable":true,"href":"https:\/\/www.redenoticia.com.br\/noticia\/wp-json\/wp\/v2\/tags?post=163161"}],"curies":[{"name":"wp","href":"https:\/\/api.w.org\/{rel}","templated":true}]}}