{"id":160154,"date":"2018-11-29T23:00:51","date_gmt":"2018-11-30T01:00:51","guid":{"rendered":"https:\/\/www.redenoticia.com.br\/noticia\/?p=160154"},"modified":"2018-12-10T22:38:28","modified_gmt":"2018-12-11T00:38:28","slug":"a-fazenda-10-conectada-votacao-em-catia-e-evandro-movimenta-a-enquete","status":"publish","type":"post","link":"https:\/\/www.redenoticia.com.br\/noticia\/2018\/a-fazenda-10-conectada-votacao-em-catia-e-evandro-movimenta-a-enquete\/160154","title":{"rendered":"&#8220;A Fazenda&#8221; 10 + Conectada: vota\u00e7\u00e3o em C\u00e1tia e Evandro movimentou a enquete"},"content":{"rendered":"<p><img loading=\"lazy\" decoding=\"async\" class=\"alignleft size-thumbnail wp-image-152827\" src=\"https:\/\/www.redenoticia.com.br\/noticia\/imagens\/a-fazenda-10-2018-150x112.jpg\" alt=\"\" width=\"150\" height=\"112\" srcset=\"https:\/\/www.redenoticia.com.br\/noticia\/imagens\/a-fazenda-10-2018-150x112.jpg 150w, https:\/\/www.redenoticia.com.br\/noticia\/imagens\/a-fazenda-10-2018-265x198.jpg 265w, https:\/\/www.redenoticia.com.br\/noticia\/imagens\/a-fazenda-10-2018-485x360.jpg 485w\" sizes=\"auto, (max-width: 150px) 100vw, 150px\" \/><strong><em>\u201cA Fazenda\u201d forma\u00e7\u00e3o da ro\u00e7a e vota\u00e7\u00e3o na enquete:<\/em><\/strong> Quem deve continuar em &#8220;A Fazenda&#8221;? A vota\u00e7\u00e3o da Ro\u00e7a desta semana, entre os pe\u00f5es Catia Paganote e Evandro Santo, foi suspensa. Os pe\u00f5es disputaram uma partida de aquabol na piscina. O jogo gerou momentos de tens\u00e3o entre Catia Paganote e Evandro Santo. A peoa se apoiou no ombro do humorista, que se irritou com a rea\u00e7\u00e3o dela. &#8220;N\u00e3o sobe em cima de mim, p\u00f4&#8221;, gritou. &#8220;Voc\u00ea pulou em mim e me agarrou&#8221;, completou. Catia negou o contato e Jo\u00e3o disse que faz parte do jogo&#8230; A produ\u00e7\u00e3o do programa comunicou que, ap\u00f3s avalia\u00e7\u00e3o sobre a agress\u00e3o, C\u00e1tia foi expulsa do programa.<\/p>\n<p>Destaque &#8211; <a href=\"https:\/\/www.redenoticia.com.br\/noticia\/2018\/a-fazenda-10-2018-enquete-qual-peao-merece-vencer-esta-temporada\/159250\">qual pe\u00e3o merece vencer esta temporada?<\/a><\/p>\n<p>A d\u00e9cima ro\u00e7a desta edi\u00e7\u00e3o come\u00e7ou na noite desta segunda-feira, 26\/11, quando o apresentador Marcos Mion chamou os pe\u00f5es para a \u00e1rea de vota\u00e7\u00e3o. Com o resultado da enquete, o dono do Poder da Chama Vermelha deve escolher dois pe\u00f5es. O Fazendeiro s\u00f3 pode indicar um destes dois pe\u00f5es para \u00e0 Ro\u00e7a. Ca\u00edque abriu o Lampi\u00e3o e pegou os poderes. Ca\u00edque ficou com o poder da chama Azul e deu o poder da chama Vermelha para a C\u00e1tia. Ela indicou Felipe e Evandro para a vota\u00e7\u00e3o do Fazendeiro. O Fazendeiro Jo\u00e3o indicou Evandro para a ro\u00e7a.<\/p>\n<p>Os pe\u00f5es apresentaram seus votos nos concorrentes da sede: Rafael votou na C\u00e1tia. Ca\u00edque votou no Rafael. Com o poder da Chama Azul, Ca\u00edque votou novamente e escolheu a C\u00e1tia, que votou no Rafael. Evandro votou no Ca\u00edque. Felipe votou na C\u00e1tia. No jogo do Resta Um, C\u00e1tia salvou o Felipe, que salvou o Rafael. Ca\u00edque n\u00e3o foi salvo e foi para a ro\u00e7a. Ca\u00edque, C\u00e1tia e Evandro formaram a nova ro\u00e7a e disputaram a prova do Fazendeiro na ter\u00e7a (27).<\/p>\n<p>Os pe\u00f5es tiveram que ter agilidade e concentra\u00e7\u00e3o para superar o circuito de obst\u00e1culos. Ca\u00edque ganhou a prova e conquistou o cargo de Fazendeiro da Semana. C\u00e1tia e Evandro disputavam a prefer\u00eancia do p\u00fablico para continuarem em &#8220;A Fazenda&#8221;, mas a vota\u00e7\u00e3o foi suspensa. <\/p>\n<p><script type=\"text\/javascript\" charset=\"utf-8\" data-cfasync=\"false\" src=\"https:\/\/secure.polldaddy.com\/p\/10176420.js\"><\/script><br \/>\n<noscript><a href=\"https:\/\/poll.fm\/10176420\">Quem deve continuar em &#8220;A Fazenda&#8221;?<\/a><\/noscript><\/p>\n<p>Se voc\u00ea n\u00e3o est\u00e1 vendo a enquete &#8220;A Fazenda&#8221; 10, clique no link &#8211; <a href=\"https:\/\/www.redenoticia.com.br\/noticia\/2018\/a-fazenda-10-conectada-votacao-em-catia-e-evandro-movimenta-a-enquete\/160154\">\u201cA Fazenda\u201d 10 + Conectada: vota\u00e7\u00e3o em C\u00e1tia e Evandro movimenta a enquete<\/a><\/p>\n<p>Resultado parcial <\/p>\n<p>28\/11, 00h08 &#8211; Evandro Santo 86,55%; C\u00e1tia Paganote 13,45%.<br \/>\n28\/11, 11h38 &#8211; Evandro Santo 76,84%; C\u00e1tia Paganote 23,16%.<br \/>\n28\/11, 22h43 &#8211; Evandro Santo 81,55%; C\u00e1tia Paganote 18,45%.<br \/>\n29\/11, 06h34 &#8211; Evandro Santo 80,84%; C\u00e1tia Paganote 19,16%.<\/p>\n<p>O voto v\u00e1lido foi registrado no portal oficial do programa <a href=\"http:\/\/afazenda.r7.com\/a-fazenda-10\">&#8220;A Fazenda\u201d 10 + Conectada<\/a> Rede Record.<\/p>\n<p>&#8212;<\/p>\n<p>Pe\u00f5es &#8220;A Fazenda&#8221; 10 + Conectada<\/p>\n<p>Equipe \u00c1gua &#8211; Ca\u00edque Aguiar. Leo Stronda; Luane Dias; Gabi Prado; Fernanda Lacerda; Perlla; Ana Paula Renault e Nadja Pessoa foram eliminadas do jogo.<\/p>\n<p>Equipe Terra &#8211; Rafael Ilha; Evandro Santo; Felipe Sertanejo; C\u00e1tia Paganote e Jo\u00e3o Zoli. Sandro Pedroso, Alo\u00edsio Chulapa e Vida Vlatt foram eliminados do jogo.<\/p>\n<p>Rede Record &#8220;A Fazenda&#8221; 10 + Conectada<\/p>\n<p>&#8212;<br \/>\nA produ\u00e7\u00e3o da Record junto com a produtora Cygnus estabeleceu o calend\u00e1rio de trabalhos desta temporada de &#8220;A Fazenda&#8221;: a atra\u00e7\u00e3o come\u00e7ar\u00e1 a semana com a Forma\u00e7\u00e3o da Ro\u00e7a, na qual um roceiro ser\u00e1 indicado pelo Fazendeiro, o segundo pelo participante mais votado da sede e o terceiro, escolhido pela segunda pessoa que estiver na ro\u00e7a, que ter\u00e1 o direito de indicar algu\u00e9m da Baia.<\/p>\n<p>No lugar da Prova da Chave, entra a Prova do Fogo, na qual o vencedor adquire poderes especiais para si e para um outro pe\u00e3o.<\/p>\n<p>Na ter\u00e7a-feira, ser\u00e1 o dia da Prova do Fazendeiro, na qual os tr\u00eas roceiros entram na disputa. O Fazendeiro dar\u00e1 as ordens na casa, ganha imunidade por mais uma semana, escapa da Ro\u00e7a e ainda indica um pe\u00e3o na semana seguinte.<\/p>\n<p>Na quarta, ser\u00e3o exibidos os Melhores Momentos do dia, enquanto a quinta-feira ser\u00e1 dia de Elimina\u00e7\u00e3o. Sextas-feiras ter\u00e3o a Prova de Fogo com os membros indicados de cada grupo, no s\u00e1bado eles se divertem na Festa e no domingo, haver\u00e1 uma Atividade Especial.<\/p>\n","protected":false},"excerpt":{"rendered":"<p>\u201cA Fazenda\u201d forma\u00e7\u00e3o da ro\u00e7a e vota\u00e7\u00e3o na enquete: Quem deve continuar em &#8220;A Fazenda&#8221;? A vota\u00e7\u00e3o da Ro\u00e7a desta semana, entre os pe\u00f5es Catia Paganote e Evandro Santo, foi suspensa. Os pe\u00f5es disputaram uma partida de aquabol na piscina. O jogo gerou momentos de tens\u00e3o entre Catia Paganote e Evandro Santo. A peoa se [&hellip;]<\/p>\n","protected":false},"author":2,"featured_media":152827,"comment_status":"open","ping_status":"closed","sticky":false,"template":"","format":"standard","meta":{"_genesis_hide_title":false,"_genesis_hide_breadcrumbs":false,"_genesis_hide_singular_image":false,"_genesis_hide_footer_widgets":false,"_genesis_custom_body_class":"","_genesis_custom_post_class":"","_genesis_layout":"","_jetpack_memberships_contains_paid_content":false,"footnotes":""},"categories":[406,371,343],"tags":[521],"class_list":{"0":"post-160154","1":"post","2":"type-post","3":"status-publish","4":"format-standard","5":"has-post-thumbnail","7":"category-a-fazenda","8":"category-rede-record","9":"category-televisao","10":"tag-enquete","11":"entry","12":"gs-1","13":"gs-odd","14":"gs-even","15":"gs-featured-content-entry"},"jetpack_featured_media_url":"https:\/\/www.redenoticia.com.br\/noticia\/imagens\/a-fazenda-10-2018.jpg","jetpack_sharing_enabled":true,"jetpack_likes_enabled":true,"_links":{"self":[{"href":"https:\/\/www.redenoticia.com.br\/noticia\/wp-json\/wp\/v2\/posts\/160154","targetHints":{"allow":["GET"]}}],"collection":[{"href":"https:\/\/www.redenoticia.com.br\/noticia\/wp-json\/wp\/v2\/posts"}],"about":[{"href":"https:\/\/www.redenoticia.com.br\/noticia\/wp-json\/wp\/v2\/types\/post"}],"author":[{"embeddable":true,"href":"https:\/\/www.redenoticia.com.br\/noticia\/wp-json\/wp\/v2\/users\/2"}],"replies":[{"embeddable":true,"href":"https:\/\/www.redenoticia.com.br\/noticia\/wp-json\/wp\/v2\/comments?post=160154"}],"version-history":[{"count":0,"href":"https:\/\/www.redenoticia.com.br\/noticia\/wp-json\/wp\/v2\/posts\/160154\/revisions"}],"wp:featuredmedia":[{"embeddable":true,"href":"https:\/\/www.redenoticia.com.br\/noticia\/wp-json\/wp\/v2\/media\/152827"}],"wp:attachment":[{"href":"https:\/\/www.redenoticia.com.br\/noticia\/wp-json\/wp\/v2\/media?parent=160154"}],"wp:term":[{"taxonomy":"category","embeddable":true,"href":"https:\/\/www.redenoticia.com.br\/noticia\/wp-json\/wp\/v2\/categories?post=160154"},{"taxonomy":"post_tag","embeddable":true,"href":"https:\/\/www.redenoticia.com.br\/noticia\/wp-json\/wp\/v2\/tags?post=160154"}],"curies":[{"name":"wp","href":"https:\/\/api.w.org\/{rel}","templated":true}]}}