{"id":158641,"date":"2018-11-16T00:06:34","date_gmt":"2018-11-16T02:06:34","guid":{"rendered":"https:\/\/www.redenoticia.com.br\/noticia\/?p=158641"},"modified":"2018-11-29T20:38:46","modified_gmt":"2018-11-29T22:38:46","slug":"a-fazenda-10-conectada-votacao-em-catia-e-luane-movimenta-a-enquete","status":"publish","type":"post","link":"https:\/\/www.redenoticia.com.br\/noticia\/2018\/a-fazenda-10-conectada-votacao-em-catia-e-luane-movimenta-a-enquete\/158641","title":{"rendered":"&#8220;A Fazenda&#8221; 10 + Conectada: vota\u00e7\u00e3o em C\u00e1tia e Luane movimentou a enquete"},"content":{"rendered":"<p><img loading=\"lazy\" decoding=\"async\" class=\"alignleft size-thumbnail wp-image-152827\" src=\"https:\/\/www.redenoticia.com.br\/noticia\/imagens\/a-fazenda-10-2018-150x112.jpg\" alt=\"\" width=\"150\" height=\"112\" srcset=\"https:\/\/www.redenoticia.com.br\/noticia\/imagens\/a-fazenda-10-2018-150x112.jpg 150w, https:\/\/www.redenoticia.com.br\/noticia\/imagens\/a-fazenda-10-2018-265x198.jpg 265w, https:\/\/www.redenoticia.com.br\/noticia\/imagens\/a-fazenda-10-2018-485x360.jpg 485w\" sizes=\"auto, (max-width: 150px) 100vw, 150px\" \/><strong><em>\u201cA Fazenda\u201d forma\u00e7\u00e3o da ro\u00e7a e vota\u00e7\u00e3o na enquete:<\/em><\/strong> Quem deve continuar em &#8220;A Fazenda&#8221;? C\u00e1tia recebeu 71,70 % dos votos do p\u00fablico e continua no jogo. Luane se despediu de &#8220;A Fazenda&#8221; 2018&#8230;.A oitava ro\u00e7a desta edi\u00e7\u00e3o come\u00e7ou na noite desta segunda-feira, 12\/11, quando o apresentador Marcos Mion chamou os pe\u00f5es para a \u00e1rea de vota\u00e7\u00e3o. Com o resultado da enquete sobre o Poder da Chama Vermelha, o Fazendeiro ganhar\u00e1 um pr\u00eamio de R$ 20 mil se indicar o dono do Poder \u00e0 Ro\u00e7a. Felipe abriu o Lampi\u00e3o e pegou os poderes. Felipe ficou com o poder da chama Azul e deu o poder da chama Vermelha para Luane. O Fazendeiro Rafael indicou Luane para a ro\u00e7a.<\/p>\n<p>Destaque &#8211; <a href=\"https:\/\/www.redenoticia.com.br\/noticia\/2018\/a-fazenda-10-conectada-votacao-em-catia-e-evandro-movimenta-a-enquete\/160154\">\u201cA Fazenda\u201d 10 + Conectada: vota\u00e7\u00e3o em C\u00e1tia e Evandro movimentou a enquete<\/a><\/p>\n<p>Os pe\u00f5es de &#8220;A Fazenda&#8221; 10 apresentaram seus votos nos concorrentes da sede: Ca\u00edque votou no Jo\u00e3o, que votou na C\u00e1tia. Luane, Leo e Evandro votaram na C\u00e1tia, que votou no Evandro. Felipe votou no Evandro. Com o poder da Chama Azul, Felipe indicou Ca\u00edque para a ro\u00e7a. Ca\u00edque, Luane e C\u00e1tia formaram a nova ro\u00e7a e disputaram a prova do Fazendeiro na ter\u00e7a (13). Os pe\u00f5es tiveram que ter agilidade para superar o circuito de obst\u00e1culos. Ca\u00edque ganhou a prova e conquistou o cargo de Fazendeiro da Semana. C\u00e1tia e Luane disputam a prefer\u00eancia do p\u00fablico para continuarem em &#8220;A Fazenda&#8221;. Participe da vota\u00e7\u00e3o na enquete &#8220;A Fazenda&#8221; 10:<\/p>\n<p><script type=\"text\/javascript\" charset=\"utf-8\" data-cfasync=\"false\" src=\"https:\/\/secure.polldaddy.com\/p\/10164294.js\"><\/script><br \/>\n<noscript><a href=\"https:\/\/poll.fm\/10164294\">Quem deve continuar em &#8220;A Fazenda&#8221;?<\/a><\/noscript><\/p>\n<p>Se voc\u00ea n\u00e3o est\u00e1 vendo a enquete &#8220;A Fazenda&#8221; 10, clique no link &#8211; <a href=\"https:\/\/www.redenoticia.com.br\/noticia\/2018\/a-fazenda-10-conectada-votacao-em-catia-e-luane-movimenta-a-enquete\/158641\">\u201cA Fazenda\u201d 10 + Conectada: vota\u00e7\u00e3o em C\u00e1tia e Luane movimenta a enquete<\/a><\/p>\n<p>Resultado Parcial<br \/>\n14\/11 05h03 &#8211; C\u00e1tia 76,42%; Luane 23,58%. Total de Votos 7.293.<br \/>\n14\/11 22h09 &#8211; C\u00e1tia 82,29%; Luane 17,71%. Total de Votos 11.749.<br \/>\n15\/11 22h09 &#8211; C\u00e1tia 82,61%; Luane 17,39%. Total de Votos 12.850.<\/p>\n<p>O voto v\u00e1lido \u00e9 registrado no portal oficial do programa <a href=\"http:\/\/afazenda.r7.com\/a-fazenda-10\">&#8220;A Fazenda\u201d 10 + Conectada<\/a> Rede Record.<\/p>\n<p>&#8212;<\/p>\n<p>Pe\u00f5es &#8220;A Fazenda&#8221; 10 + Conectada<\/p>\n<p>Equipe \u00c1gua &#8211; Leo Stronda; Ca\u00edque Aguiar e Luane Dias. Gabi Prado; Fernanda Lacerda; Perlla; Ana Paula Renault e Nadja Pessoa foram eliminadas do jogo.<\/p>\n<p>Equipe Terra &#8211; Rafael Ilha; Evandro Santo; Felipe Sertanejo; C\u00e1tia Paganote e Jo\u00e3o Zoli. Sandro Pedroso, Alo\u00edsio Chulapa e Vida Vlatt foram eliminados do jogo.<\/p>\n<p>Rede Record &#8220;A Fazenda&#8221; 10 + Conectada<\/p>\n<p>&#8212;<br \/>\nA produ\u00e7\u00e3o da Record junto com a produtora Cygnus estabeleceu o calend\u00e1rio de trabalhos desta temporada de &#8220;A Fazenda&#8221;: a atra\u00e7\u00e3o come\u00e7ar\u00e1 a semana com a Forma\u00e7\u00e3o da Ro\u00e7a, na qual um roceiro ser\u00e1 indicado pelo Fazendeiro, o segundo pelo participante mais votado da sede e o terceiro, escolhido pela segunda pessoa que estiver na ro\u00e7a, que ter\u00e1 o direito de indicar algu\u00e9m da Baia.<\/p>\n<p>No lugar da Prova da Chave, entra a Prova do Fogo, na qual o vencedor adquire poderes especiais para si e para um outro pe\u00e3o.<\/p>\n<p>Na ter\u00e7a-feira, ser\u00e1 o dia da Prova do Fazendeiro, na qual os tr\u00eas roceiros entram na disputa. O Fazendeiro dar\u00e1 as ordens na casa, ganha imunidade por mais uma semana, escapa da Ro\u00e7a e ainda indica um pe\u00e3o na semana seguinte.<\/p>\n<p>Na quarta, ser\u00e3o exibidos os Melhores Momentos do dia, enquanto a quinta-feira ser\u00e1 dia de Elimina\u00e7\u00e3o. Sextas-feiras ter\u00e3o a Prova de Fogo com os membros indicados de cada grupo, no s\u00e1bado eles se divertem na Festa e no domingo, haver\u00e1 uma Atividade Especial.<\/p>\n","protected":false},"excerpt":{"rendered":"<p>\u201cA Fazenda\u201d forma\u00e7\u00e3o da ro\u00e7a e vota\u00e7\u00e3o na enquete: Quem deve continuar em &#8220;A Fazenda&#8221;? C\u00e1tia recebeu 71,70 % dos votos do p\u00fablico e continua no jogo. Luane se despediu de &#8220;A Fazenda&#8221; 2018&#8230;.A oitava ro\u00e7a desta edi\u00e7\u00e3o come\u00e7ou na noite desta segunda-feira, 12\/11, quando o apresentador Marcos Mion chamou os pe\u00f5es para a \u00e1rea [&hellip;]<\/p>\n","protected":false},"author":2,"featured_media":152827,"comment_status":"open","ping_status":"closed","sticky":false,"template":"","format":"standard","meta":{"_genesis_hide_title":false,"_genesis_hide_breadcrumbs":false,"_genesis_hide_singular_image":false,"_genesis_hide_footer_widgets":false,"_genesis_custom_body_class":"","_genesis_custom_post_class":"","_genesis_layout":"","_jetpack_memberships_contains_paid_content":false,"footnotes":""},"categories":[406,371,343],"tags":[521],"class_list":{"0":"post-158641","1":"post","2":"type-post","3":"status-publish","4":"format-standard","5":"has-post-thumbnail","7":"category-a-fazenda","8":"category-rede-record","9":"category-televisao","10":"tag-enquete","11":"entry","12":"gs-1","13":"gs-odd","14":"gs-even","15":"gs-featured-content-entry"},"jetpack_featured_media_url":"https:\/\/www.redenoticia.com.br\/noticia\/imagens\/a-fazenda-10-2018.jpg","jetpack_sharing_enabled":true,"jetpack_likes_enabled":true,"_links":{"self":[{"href":"https:\/\/www.redenoticia.com.br\/noticia\/wp-json\/wp\/v2\/posts\/158641","targetHints":{"allow":["GET"]}}],"collection":[{"href":"https:\/\/www.redenoticia.com.br\/noticia\/wp-json\/wp\/v2\/posts"}],"about":[{"href":"https:\/\/www.redenoticia.com.br\/noticia\/wp-json\/wp\/v2\/types\/post"}],"author":[{"embeddable":true,"href":"https:\/\/www.redenoticia.com.br\/noticia\/wp-json\/wp\/v2\/users\/2"}],"replies":[{"embeddable":true,"href":"https:\/\/www.redenoticia.com.br\/noticia\/wp-json\/wp\/v2\/comments?post=158641"}],"version-history":[{"count":0,"href":"https:\/\/www.redenoticia.com.br\/noticia\/wp-json\/wp\/v2\/posts\/158641\/revisions"}],"wp:featuredmedia":[{"embeddable":true,"href":"https:\/\/www.redenoticia.com.br\/noticia\/wp-json\/wp\/v2\/media\/152827"}],"wp:attachment":[{"href":"https:\/\/www.redenoticia.com.br\/noticia\/wp-json\/wp\/v2\/media?parent=158641"}],"wp:term":[{"taxonomy":"category","embeddable":true,"href":"https:\/\/www.redenoticia.com.br\/noticia\/wp-json\/wp\/v2\/categories?post=158641"},{"taxonomy":"post_tag","embeddable":true,"href":"https:\/\/www.redenoticia.com.br\/noticia\/wp-json\/wp\/v2\/tags?post=158641"}],"curies":[{"name":"wp","href":"https:\/\/api.w.org\/{rel}","templated":true}]}}