{"id":1584,"date":"2009-05-12T16:21:33","date_gmt":"2009-05-12T20:21:33","guid":{"rendered":"http:\/\/www.redenoticia.com.br\/noticia\/?p=1584"},"modified":"2009-05-12T16:21:33","modified_gmt":"2009-05-12T20:21:33","slug":"ecologicamente-correto-sedam-firma-parceria-com-rede-de-supermercado","status":"publish","type":"post","link":"https:\/\/www.redenoticia.com.br\/noticia\/2009\/ecologicamente-correto-sedam-firma-parceria-com-rede-de-supermercado\/1584","title":{"rendered":"Ecologicamente correto: Sedam firma parceria com rede de supermercado"},"content":{"rendered":"<p align=\"justify\">\n<p align=\"justify\"><span style=\"font-family: Arial; font-size: small;\">A Secretaria de Estado do Desenvolvimento Ambiental (Sedam) recebeu da  rede de Supermercados Irm\u00e3os Gon\u00e7alves, na manh\u00e3 de sexta-feira (8) a doa\u00e7\u00e3o de  sacos de Juta (fibra da Amaz\u00f4nia). A a\u00e7\u00e3o \u00e9 fruto de parceria, visando reduzir  os impactos ambientais causados pelo uso de sacolas pl\u00e1sticas durante eventos  pontuais realizados pelo \u00f3rg\u00e3o ambiental.<\/span><\/p>\n<p align=\"justify\"><span style=\"font-family: Arial; font-size: small;\">De acordo com a coordenadora de  Educa\u00e7\u00e3o Ambiental da Sedam, Iracy Wanderley Filha, os sacos ecologicamente  corretos, v\u00e3o ser reutilizados in\u00fameras vezes no recolhimento dos res\u00edduos  s\u00f3lidos recicl\u00e1veis como garrafas pet, latas, vidros e outros, contribuindo com  a limpeza da cidade, dos rios e principalmente na prote\u00e7\u00e3o do meio ambiente como  um todo (recursos h\u00eddricos, fauna e flora).<\/span><\/p>\n<p align=\"justify\"><span style=\"font-family: Arial; font-size: small;\">O material ser\u00e1 distribu\u00eddo pela SEDAM  para todos os escrit\u00f3rios regionais, contribuindo, assim, com os projetos de  Educa\u00e7\u00e3o Ambiental, a exemplo do \u2018Grupo de Educadores Ambientais Volunt\u00e1rios\u2019 e  \u2018Agente Ambiental Volunt\u00e1rio\u2019, para utiliza\u00e7\u00e3o em todas as atividades de coleta  de lixo seletivo, substituindo definitivamente o uso de sacos pl\u00e1sticos, e  tamb\u00e9m nos eventos pontuais como festivais de praia que est\u00e3o programados para  come\u00e7arem em agosto, e nos demais eventos programados pela Coordena\u00e7\u00e3o de  Educa\u00e7\u00e3o Ambiental.<\/span><\/p>\n<p align=\"justify\"><span style=\"font-family: Arial; font-size: small;\">Nesse primeiro momento, segundo Iracy  Wanderley, o Supermercado Irm\u00e3os Gon\u00e7alves doou seiscentos e cinq\u00fcenta sacos. A  doa\u00e7\u00e3o ser\u00e1 feita trimestralmente, aumentando a quantidade conforme a  necessidade. A inten\u00e7\u00e3o do Estado \u00e9 continuar buscando parceria com as demais  redes de supermercados do Estado de Rond\u00f4nia, para que possa ser suprida a  demanda Estadual. \u201cA partir de agora ser\u00e3o utilizados apenas os sacos de juta  nos eventos do Sedam, para o recolhimento do lixo. Eles s\u00e3o lav\u00e1veis e possuem  uma maior durabilidade e, o principal \u00e9 que n\u00e3o agridem o meio ambiente\u201d diz. <\/span><\/p>\n","protected":false},"excerpt":{"rendered":"<p>A Secretaria de Estado do Desenvolvimento Ambiental (Sedam) recebeu da rede de Supermercados Irm\u00e3os Gon\u00e7alves, na manh\u00e3 de sexta-feira (8) a doa\u00e7\u00e3o de sacos de Juta (fibra da Amaz\u00f4nia). A a\u00e7\u00e3o \u00e9 fruto de parceria, visando reduzir os impactos ambientais causados pelo uso de sacolas pl\u00e1sticas durante eventos pontuais realizados pelo \u00f3rg\u00e3o ambiental. De acordo [&hellip;]<\/p>\n","protected":false},"author":3,"featured_media":0,"comment_status":"open","ping_status":"open","sticky":false,"template":"","format":"standard","meta":{"_genesis_hide_title":false,"_genesis_hide_breadcrumbs":false,"_genesis_hide_singular_image":false,"_genesis_hide_footer_widgets":false,"_genesis_custom_body_class":"","_genesis_custom_post_class":"","_genesis_layout":"","_jetpack_memberships_contains_paid_content":false,"footnotes":""},"categories":[22],"tags":[],"class_list":{"0":"post-1584","1":"post","2":"type-post","3":"status-publish","4":"format-standard","6":"category-brasil","7":"entry","8":"gs-1","9":"gs-odd","10":"gs-even","11":"gs-featured-content-entry"},"jetpack_featured_media_url":"","jetpack_sharing_enabled":true,"jetpack_likes_enabled":true,"_links":{"self":[{"href":"https:\/\/www.redenoticia.com.br\/noticia\/wp-json\/wp\/v2\/posts\/1584","targetHints":{"allow":["GET"]}}],"collection":[{"href":"https:\/\/www.redenoticia.com.br\/noticia\/wp-json\/wp\/v2\/posts"}],"about":[{"href":"https:\/\/www.redenoticia.com.br\/noticia\/wp-json\/wp\/v2\/types\/post"}],"author":[{"embeddable":true,"href":"https:\/\/www.redenoticia.com.br\/noticia\/wp-json\/wp\/v2\/users\/3"}],"replies":[{"embeddable":true,"href":"https:\/\/www.redenoticia.com.br\/noticia\/wp-json\/wp\/v2\/comments?post=1584"}],"version-history":[{"count":0,"href":"https:\/\/www.redenoticia.com.br\/noticia\/wp-json\/wp\/v2\/posts\/1584\/revisions"}],"wp:attachment":[{"href":"https:\/\/www.redenoticia.com.br\/noticia\/wp-json\/wp\/v2\/media?parent=1584"}],"wp:term":[{"taxonomy":"category","embeddable":true,"href":"https:\/\/www.redenoticia.com.br\/noticia\/wp-json\/wp\/v2\/categories?post=1584"},{"taxonomy":"post_tag","embeddable":true,"href":"https:\/\/www.redenoticia.com.br\/noticia\/wp-json\/wp\/v2\/tags?post=1584"}],"curies":[{"name":"wp","href":"https:\/\/api.w.org\/{rel}","templated":true}]}}