{"id":157151,"date":"2018-10-31T23:53:53","date_gmt":"2018-11-01T02:53:53","guid":{"rendered":"https:\/\/www.redenoticia.com.br\/noticia\/?p=157151"},"modified":"2018-10-31T19:52:24","modified_gmt":"2018-10-31T22:52:24","slug":"unifesp-oferece-mestrado-em-bioprodutos-e-bioprocessos","status":"publish","type":"post","link":"https:\/\/www.redenoticia.com.br\/noticia\/2018\/unifesp-oferece-mestrado-em-bioprodutos-e-bioprocessos\/157151","title":{"rendered":"Unifesp oferece mestrado em bioprodutos e bioprocessos"},"content":{"rendered":"<p> Ag\u00eancia FAPESP\u00a0\u2013 O Programa de <strong><em>P\u00f3s-Gradua\u00e7\u00e3o em Bioprodutos e Bioprocessos<\/em><\/strong> da Universidade Federal de S\u00e3o Paulo (Unifesp), campus da Baixada Santista, est\u00e1 com inscri\u00e7\u00f5es abertas at\u00e9 23 de novembro de 2018 para o curso de mestrado, que come\u00e7ar\u00e1 em mar\u00e7o de 2019. O p\u00fablico-alvo s\u00e3o profissionais das \u00e1reas de Sa\u00fade, Biol\u00f3gicas e Exatas. O objetivo do curso \u00e9 formar mestres com conhecimentos no campo da Biotecnologia, com enfoque em Ci\u00eancias do Mar e Sa\u00fade, para atuar nas \u00e1reas acad\u00eamicas e na iniciativa privada.<\/p>\n<p>O curso tem quatro linhas tem\u00e1ticas: \u201cBiomateriais\u201d, \u201cBioprospec\u00e7\u00e3o\u201d, \u201cBiorremedia\u00e7\u00e3o\u201d e \u201cBioensaios e ecotoxicologia\u201d. S\u00e3o 28 vagas dispon\u00edveis.<\/p>\n<p>As inscri\u00e7\u00f5es podem ser feitas pelo\u00a0\u00a0de p\u00f3s-gradua\u00e7\u00e3o da universidade. Antes de se inscrever, o candidato deve entrar em contato com o docente do programa com o qual pretende desenvolver seu projeto de pesquisa.\u00a0\u00c9 exigido como documenta\u00e7\u00e3o uma carta com assinatura do poss\u00edvel orientador aceitando a orienta\u00e7\u00e3o. Ela deve ser digitalizada em arquivo formato PDF\u00a0e encaminhada junto aos demais documentos solicitados: RG, CPF, diploma de gradua\u00e7\u00e3o (frente e verso), hist\u00f3rico de gradua\u00e7\u00e3o e curr\u00edculo Lattes, al\u00e9m de uma foto 3&#215;4 digitalizada (em formato JPEG\/JPG, XPM, GIF ou PNG).<\/p>\n<p>O processo de sele\u00e7\u00e3o ser\u00e1 composto de duas fases. A primeira ser\u00e1 constitu\u00edda por provas de conhecimentos espec\u00edficos e de l\u00edngua inglesa. A segunda fase ser\u00e1 composta de entrevista e an\u00e1lise do Curr\u00edculo Lattes. Os artigos cient\u00edficos e textos que ser\u00e3o utilizados durante a primeira fase estar\u00e3o dispon\u00edveis aos candidatos somente no momento da prova. O local dos exames ser\u00e1 informado por e-mail.<\/p>\n<p>O resultado do processo seletivo para ingresso no mestrado ser\u00e1 divulgado no dia 10 de dezembro, pelo\u00a0\u00a0do Programa de P\u00f3s-Gradua\u00e7\u00e3o.<\/p>\n<p>Mais informa\u00e7\u00f5es:\u00a0. <\/p>\n","protected":false},"excerpt":{"rendered":"<p>Ag\u00eancia FAPESP\u00a0\u2013 O Programa de P\u00f3s-Gradua\u00e7\u00e3o em Bioprodutos e Bioprocessos da Universidade Federal de S\u00e3o Paulo (Unifesp), campus da Baixada Santista, est\u00e1 com inscri\u00e7\u00f5es abertas at\u00e9 23 de novembro de 2018 para o curso de mestrado, que come\u00e7ar\u00e1 em mar\u00e7o de 2019. O p\u00fablico-alvo s\u00e3o profissionais das \u00e1reas de Sa\u00fade, Biol\u00f3gicas e Exatas. O objetivo [&hellip;]<\/p>\n","protected":false},"author":2,"featured_media":148076,"comment_status":"open","ping_status":"closed","sticky":false,"template":"","format":"standard","meta":{"_genesis_hide_title":false,"_genesis_hide_breadcrumbs":false,"_genesis_hide_singular_image":false,"_genesis_hide_footer_widgets":false,"_genesis_custom_body_class":"","_genesis_custom_post_class":"","_genesis_layout":"","_jetpack_memberships_contains_paid_content":false,"footnotes":""},"categories":[370,353],"tags":[],"class_list":{"0":"post-157151","1":"post","2":"type-post","3":"status-publish","4":"format-standard","5":"has-post-thumbnail","7":"category-inscricao","8":"category-oportunidades","9":"entry","10":"gs-1","11":"gs-odd","12":"gs-even","13":"gs-featured-content-entry"},"jetpack_featured_media_url":"https:\/\/www.redenoticia.com.br\/noticia\/imagens\/vestibular-prova.jpg","jetpack_sharing_enabled":true,"jetpack_likes_enabled":true,"_links":{"self":[{"href":"https:\/\/www.redenoticia.com.br\/noticia\/wp-json\/wp\/v2\/posts\/157151","targetHints":{"allow":["GET"]}}],"collection":[{"href":"https:\/\/www.redenoticia.com.br\/noticia\/wp-json\/wp\/v2\/posts"}],"about":[{"href":"https:\/\/www.redenoticia.com.br\/noticia\/wp-json\/wp\/v2\/types\/post"}],"author":[{"embeddable":true,"href":"https:\/\/www.redenoticia.com.br\/noticia\/wp-json\/wp\/v2\/users\/2"}],"replies":[{"embeddable":true,"href":"https:\/\/www.redenoticia.com.br\/noticia\/wp-json\/wp\/v2\/comments?post=157151"}],"version-history":[{"count":0,"href":"https:\/\/www.redenoticia.com.br\/noticia\/wp-json\/wp\/v2\/posts\/157151\/revisions"}],"wp:featuredmedia":[{"embeddable":true,"href":"https:\/\/www.redenoticia.com.br\/noticia\/wp-json\/wp\/v2\/media\/148076"}],"wp:attachment":[{"href":"https:\/\/www.redenoticia.com.br\/noticia\/wp-json\/wp\/v2\/media?parent=157151"}],"wp:term":[{"taxonomy":"category","embeddable":true,"href":"https:\/\/www.redenoticia.com.br\/noticia\/wp-json\/wp\/v2\/categories?post=157151"},{"taxonomy":"post_tag","embeddable":true,"href":"https:\/\/www.redenoticia.com.br\/noticia\/wp-json\/wp\/v2\/tags?post=157151"}],"curies":[{"name":"wp","href":"https:\/\/api.w.org\/{rel}","templated":true}]}}