{"id":156271,"date":"2018-10-26T00:16:11","date_gmt":"2018-10-26T03:16:11","guid":{"rendered":"https:\/\/www.redenoticia.com.br\/noticia\/?p=156271"},"modified":"2018-11-08T22:56:04","modified_gmt":"2018-11-09T00:56:04","slug":"a-fazenda-10-conectada-votacao-em-chulapa-e-nadja-movimenta-a-enquete","status":"publish","type":"post","link":"https:\/\/www.redenoticia.com.br\/noticia\/2018\/a-fazenda-10-conectada-votacao-em-chulapa-e-nadja-movimenta-a-enquete\/156271","title":{"rendered":"&#8220;A Fazenda&#8221; 10 + Conectada: vota\u00e7\u00e3o em Chulapa e Nadja movimentou a enquete"},"content":{"rendered":"<p><img loading=\"lazy\" decoding=\"async\" class=\"alignleft size-thumbnail wp-image-152827\" src=\"https:\/\/www.redenoticia.com.br\/noticia\/imagens\/a-fazenda-10-2018-150x112.jpg\" alt=\"\" width=\"150\" height=\"112\" srcset=\"https:\/\/www.redenoticia.com.br\/noticia\/imagens\/a-fazenda-10-2018-150x112.jpg 150w, https:\/\/www.redenoticia.com.br\/noticia\/imagens\/a-fazenda-10-2018-265x198.jpg 265w, https:\/\/www.redenoticia.com.br\/noticia\/imagens\/a-fazenda-10-2018-485x360.jpg 485w\" sizes=\"auto, (max-width: 150px) 100vw, 150px\" \/><strong><em>\u201cA Fazenda\u201d forma\u00e7\u00e3o da ro\u00e7a e vota\u00e7\u00e3o na enquete:<\/em><\/strong> Nadja recebeu 84,06% dos votos do p\u00fablico e continua no jogo. A quinta ro\u00e7a desta edi\u00e7\u00e3o come\u00e7ou na noite desta segunda-feira, 22\/10, quando o apresentador Marcos Mion chamou os pe\u00f5es para a \u00e1rea de vota\u00e7\u00e3o. Com o resultado da enquete sobre o Poder da Chama Vermelha, todo voto que o dono do Poder receber na Forma\u00e7\u00e3o da Ro\u00e7a ter\u00e1 peso dois. Felipe abriu o Lampi\u00e3o e pegou os poderes. Felipe ficou com o poder da chama Azul e ganhou imunidade ao voto do Fazendeiro. Ele deu o poder da chama Vermelha para Nadja. <\/p>\n<p>Destaque &#8211; <\/p>\n<p>A Fazendeira Luane indicou o Rafael para a ro\u00e7a. Os pe\u00f5es apresentaram seus votos nos concorrentes da sede: Jo\u00e3o, Leo, C\u00e1tia, Gabi, Chulapa e Felipe votaram na Nadja, que votou no Leo. Fernanda, Evandro, Ca\u00edque e Rafael votaram na C\u00e1tia. Nadja indicou Chulapa para sair da baia e compor a baia. Chulapa, Nadja e Rafael formaram a nova ro\u00e7a e disputam a prova do Fazendeiro nesta ter\u00e7a (23). Os pe\u00f5es tiveram que ter for\u00e7a para encaixarem bolas em um painel. Rafael ganhou a prova e conquistou o cargo de Fazendeiro da Semana. Chulapa e Nadja disputaram a prefer\u00eancia do p\u00fablico para continuarem em &#8220;A Fazenda&#8221;. <\/p>\n<p><script type=\"text\/javascript\" charset=\"utf-8\" data-cfasync=\"false\" src=\"https:\/\/secure.polldaddy.com\/p\/10145577.js\"><\/script><br \/>\n<noscript><\/noscript> <\/p>\n<p>Se voc\u00ea n\u00e3o est\u00e1 vendo a enquete, clique no link &#8211;  <\/p>\n<p>Resultado parcial<\/p>\n<p>24\/10 00h34 Nadja 70,49%; Chulapa 29,51%.<br \/>\n24\/10 19h10 Nadja 80,07%; Chulapa 19,93%. Total de Votos 8.439.<br \/>\n25\/10 10h02 Nadja 82,65%; Chulapa 17,35%. Total de Votos 12.210.<br \/>\n25\/10 20h47 Nadja 85,24%; Chulapa 14,76%. Total de Votos 17.308.<\/p>\n<p>O voto v\u00e1lido foi registrado no portal oficial do programa  Rede Record.<\/p>\n<p>&#8212;<\/p>\n<p>Pe\u00f5es &#8220;A Fazenda&#8221; 10 + Conectada<\/p>\n<p>Equipe \u00c1gua &#8211; Leo Stronda; Ca\u00edque Aguiar; Gabi Prado; Fernanda Lacerda; Perlla; Ana Paula Renault; Nadja Pessoa; Luane Dias.<\/p>\n<p>Equipe Terra &#8211; Rafael Ilha; Alo\u00edsio Chulapa; Evandro Santo; Vida Vlatt; Felipe Sertanejo; C\u00e1tia Paganote; Jo\u00e3o Zoli; Sandro Pedroso.<\/p>\n<p>Rede Record &#8220;A Fazenda&#8221; 10 + Conectada<\/p>\n<p>&#8212;<br \/>\nA produ\u00e7\u00e3o da Record junto com a produtora Cygnus estabeleceu o calend\u00e1rio de trabalhos desta temporada de &#8220;A Fazenda&#8221;: a atra\u00e7\u00e3o come\u00e7ar\u00e1 a semana com a Forma\u00e7\u00e3o da Ro\u00e7a, na qual um roceiro ser\u00e1 indicado pelo Fazendeiro, o segundo pelo participante mais votado da sede e o terceiro, escolhido pela segunda pessoa que estiver na ro\u00e7a, que ter\u00e1 o direito de indicar algu\u00e9m da Baia.<\/p>\n<p>No lugar da Prova da Chave, entra a Prova do Fogo, na qual o vencedor adquire poderes especiais para si e para um outro pe\u00e3o.<\/p>\n<p>Na ter\u00e7a-feira, ser\u00e1 o dia da Prova do Fazendeiro, na qual os tr\u00eas roceiros entram na disputa. O Fazendeiro dar\u00e1 as ordens na casa, ganha imunidade por mais uma semana, escapa da Ro\u00e7a e ainda indica um pe\u00e3o na semana seguinte.<\/p>\n<p>Na quarta, ser\u00e3o exibidos os Melhores Momentos do dia, enquanto a quinta-feira ser\u00e1 dia de Elimina\u00e7\u00e3o. Sextas-feiras ter\u00e3o a Prova de Fogo com os membros indicados de cada grupo, no s\u00e1bado eles se divertem na Festa e no domingo, haver\u00e1 uma Atividade Especial.<\/p>\n","protected":false},"excerpt":{"rendered":"<p>\u201cA Fazenda\u201d forma\u00e7\u00e3o da ro\u00e7a e vota\u00e7\u00e3o na enquete: Nadja recebeu 84,06% dos votos do p\u00fablico e continua no jogo. A quinta ro\u00e7a desta edi\u00e7\u00e3o come\u00e7ou na noite desta segunda-feira, 22\/10, quando o apresentador Marcos Mion chamou os pe\u00f5es para a \u00e1rea de vota\u00e7\u00e3o. Com o resultado da enquete sobre o Poder da Chama Vermelha, [&hellip;]<\/p>\n","protected":false},"author":2,"featured_media":152827,"comment_status":"open","ping_status":"closed","sticky":false,"template":"","format":"standard","meta":{"_genesis_hide_title":false,"_genesis_hide_breadcrumbs":false,"_genesis_hide_singular_image":false,"_genesis_hide_footer_widgets":false,"_genesis_custom_body_class":"","_genesis_custom_post_class":"","_genesis_layout":"","_jetpack_memberships_contains_paid_content":false,"footnotes":""},"categories":[406,371,343],"tags":[521],"class_list":{"0":"post-156271","1":"post","2":"type-post","3":"status-publish","4":"format-standard","5":"has-post-thumbnail","7":"category-a-fazenda","8":"category-rede-record","9":"category-televisao","10":"tag-enquete","11":"entry","12":"gs-1","13":"gs-odd","14":"gs-even","15":"gs-featured-content-entry"},"jetpack_featured_media_url":"https:\/\/www.redenoticia.com.br\/noticia\/imagens\/a-fazenda-10-2018.jpg","jetpack_sharing_enabled":true,"jetpack_likes_enabled":true,"_links":{"self":[{"href":"https:\/\/www.redenoticia.com.br\/noticia\/wp-json\/wp\/v2\/posts\/156271","targetHints":{"allow":["GET"]}}],"collection":[{"href":"https:\/\/www.redenoticia.com.br\/noticia\/wp-json\/wp\/v2\/posts"}],"about":[{"href":"https:\/\/www.redenoticia.com.br\/noticia\/wp-json\/wp\/v2\/types\/post"}],"author":[{"embeddable":true,"href":"https:\/\/www.redenoticia.com.br\/noticia\/wp-json\/wp\/v2\/users\/2"}],"replies":[{"embeddable":true,"href":"https:\/\/www.redenoticia.com.br\/noticia\/wp-json\/wp\/v2\/comments?post=156271"}],"version-history":[{"count":0,"href":"https:\/\/www.redenoticia.com.br\/noticia\/wp-json\/wp\/v2\/posts\/156271\/revisions"}],"wp:featuredmedia":[{"embeddable":true,"href":"https:\/\/www.redenoticia.com.br\/noticia\/wp-json\/wp\/v2\/media\/152827"}],"wp:attachment":[{"href":"https:\/\/www.redenoticia.com.br\/noticia\/wp-json\/wp\/v2\/media?parent=156271"}],"wp:term":[{"taxonomy":"category","embeddable":true,"href":"https:\/\/www.redenoticia.com.br\/noticia\/wp-json\/wp\/v2\/categories?post=156271"},{"taxonomy":"post_tag","embeddable":true,"href":"https:\/\/www.redenoticia.com.br\/noticia\/wp-json\/wp\/v2\/tags?post=156271"}],"curies":[{"name":"wp","href":"https:\/\/api.w.org\/{rel}","templated":true}]}}