{"id":1560,"date":"2009-05-11T22:50:47","date_gmt":"2009-05-12T02:50:47","guid":{"rendered":"http:\/\/www.redenoticia.com.br\/noticia\/?p=1560"},"modified":"2009-05-11T22:50:47","modified_gmt":"2009-05-12T02:50:47","slug":"comissao-discute-substituicao-das-sacolas-plasticas-no-comercio","status":"publish","type":"post","link":"https:\/\/www.redenoticia.com.br\/noticia\/2009\/comissao-discute-substituicao-das-sacolas-plasticas-no-comercio\/1560","title":{"rendered":"Comiss\u00e3o discute substitui\u00e7\u00e3o das sacolas pl\u00e1sticas no com\u00e9rcio"},"content":{"rendered":"<p><span style=\"font-family: Arial;\"><a href=\"https:\/\/www.redenoticia.com.br\/noticia\/imagens\/\/sacola.jpg\"><img loading=\"lazy\" decoding=\"async\" class=\"alignleft size-medium wp-image-1559\" title=\"sacola\" src=\"https:\/\/www.redenoticia.com.br\/noticia\/imagens\/\/sacola-249x187.jpg\" alt=\"sacola\" width=\"249\" height=\"187\" \/><\/a>A Comiss\u00e3o de Desenvolvimento Econ\u00f4mico, Ind\u00fastria e Com\u00e9rcio realiza nesta quinta-feira (14) audi\u00eancia p\u00fablica para debater o Projeto de Lei<br \/>\n<strong><span style=\"color: windowtext;\">612\/07<\/span><\/strong>, do deputado Fl\u00e1vio Bezerra (PMDB-CE), que prop\u00f5e a substitui\u00e7\u00e3o dos sacos pl\u00e1sticos hoje distribu\u00eddos em supermercados e padarias por outros mais ecologicamente corretos.<\/p>\n<p>O projeto obriga os estabelecimentos comerciais a substituir os pl\u00e1sticos comuns pelos oxi-degrad\u00e1veis (OBPs). Segundo o deputado, a sacola OBP se degrada naturalmente, primeiro pela oxida\u00e7\u00e3o gerada por luz e calor e depois pela a\u00e7\u00e3o de micro-organismos. Seus res\u00edduos finais n\u00e3o s\u00e3o t\u00f3xicos.<\/p>\n<p>Fl\u00e1vio Bezerra afirma que a produ\u00e7\u00e3o de pl\u00e1stico cresceu 20 vezes nos \u00faltimos 50 anos, e que quase todo esse material acaba inutilizado como lixo. Em 2004, segundo ele, foram produzidas no Brasil mais de 2,1 milh\u00f5es de toneladas de res\u00edduos pl\u00e1sticos, das quais apenas 360 mil foram recicladas.<\/p>\n<p>&#8220;A sacola convencional pode demorar at\u00e9 400 anos para se decompor, enquanto a biodegrad\u00e1vel desaparece em 18 meses; assim, essa substitui\u00e7\u00e3o \u00e9 de suma import\u00e2ncia, pois os pl\u00e1sticos convencionais contaminam os mares, os rios e os animais, provocando desequil\u00edbrio ambiental e agravando as enchentes e o efeito estufa&#8221;, argumenta o deputado.<\/p>\n<p><strong>Tend\u00eancia mundial<\/strong><br \/>\nO relator do projeto na comiss\u00e3o, deputado Leandro Sampaio (PPS-RJ), concorda com o autor. Segundo ele, existe uma tend\u00eancia em todos os pa\u00edses em desenvolvimento de extinguir as embalagens atuais. &#8220;As sacolas s\u00e3o de m\u00e1 qualidade e depois v\u00e3o parar na rua, nos rios e entupindo os bueiros. Isso \u00e9 um absurdo&#8221;, afirma.<\/p>\n<p>Ele argumenta que s\u00e3o necess\u00e1rias campanhas para diminuir o uso desse tipo de material. &#8220;Nos pa\u00edses mais desenvolvidos, isso quase n\u00e3o existe mais. As pessoas v\u00e3o \u00e0s compras com suas pr\u00f3prias sacolas, como faziam nossas av\u00f3s. Isso \u00e9 muito melhor para o meio ambiente&#8221;, ressalta. De acordo com Sampaio, o com\u00e9rcio gastaria menos com pl\u00e1sticos e poderia dar descontos para quem levasse sua sacola.<\/p>\n<p><strong>Problema educacional <\/strong><br \/>\nO presidente da Associa\u00e7\u00e3o Brasileira da Ind\u00fastria do Pl\u00e1stico, Merheg Cachum, considera que a polui\u00e7\u00e3o pelo pl\u00e1stico \u00e9 um problema educacional: &#8220;Falta educa\u00e7\u00e3o, principalmente para os mais jovens. As pessoas precisam perceber o que \u00e0 primeira vista parece \u00f3bvio: n\u00e3o se joga lixo nas ruas.&#8221;<\/p>\n<p>Cachum informa que h\u00e1 investimentos n\u00e3o s\u00f3 para produzir pl\u00e1stico da mandioca, mas tamb\u00e9m da cana de a\u00e7\u00facar. Segundo ele, o &#8220;pl\u00e1stico verde&#8221; pode ser obtido pelo refino do etanol, de forma semelhante ao que se faz com o petr\u00f3leo para produzir o pl\u00e1stico comum.<\/p>\n<p><strong>Debate<\/strong><br \/>\nA audi\u00eancia ser\u00e1 realizada \u00e0s 9 horas no plen\u00e1rio 5. Foram convidados o ministro do Meio Ambiente, Carlos Minc; o diretor de Rela\u00e7\u00f5es Institucionais da Confedera\u00e7\u00e3o Nacional da Ind\u00fastria (CNI), Marco Guarita; e Evandro Costa, assessor da Confedera\u00e7\u00e3o Nacional do Com\u00e9rcio (CNC).<\/p>\n<p>Ag\u00eancia C\u00e2mara<\/span><\/p>\n","protected":false},"excerpt":{"rendered":"<p>A Comiss\u00e3o de Desenvolvimento Econ\u00f4mico, Ind\u00fastria e Com\u00e9rcio realiza nesta quinta-feira (14) audi\u00eancia p\u00fablica para debater o Projeto de Lei 612\/07, do deputado Fl\u00e1vio Bezerra (PMDB-CE), que prop\u00f5e a substitui\u00e7\u00e3o dos sacos pl\u00e1sticos hoje distribu\u00eddos em supermercados e padarias por outros mais ecologicamente corretos. O projeto obriga os estabelecimentos comerciais a substituir os pl\u00e1sticos comuns [&hellip;]<\/p>\n","protected":false},"author":3,"featured_media":0,"comment_status":"open","ping_status":"open","sticky":false,"template":"","format":"standard","meta":{"_genesis_hide_title":false,"_genesis_hide_breadcrumbs":false,"_genesis_hide_singular_image":false,"_genesis_hide_footer_widgets":false,"_genesis_custom_body_class":"","_genesis_custom_post_class":"","_genesis_layout":"","_jetpack_memberships_contains_paid_content":false,"footnotes":""},"categories":[22],"tags":[],"class_list":{"0":"post-1560","1":"post","2":"type-post","3":"status-publish","4":"format-standard","6":"category-brasil","7":"entry","8":"gs-1","9":"gs-odd","10":"gs-even","11":"gs-featured-content-entry"},"jetpack_featured_media_url":"","jetpack_sharing_enabled":true,"jetpack_likes_enabled":true,"_links":{"self":[{"href":"https:\/\/www.redenoticia.com.br\/noticia\/wp-json\/wp\/v2\/posts\/1560","targetHints":{"allow":["GET"]}}],"collection":[{"href":"https:\/\/www.redenoticia.com.br\/noticia\/wp-json\/wp\/v2\/posts"}],"about":[{"href":"https:\/\/www.redenoticia.com.br\/noticia\/wp-json\/wp\/v2\/types\/post"}],"author":[{"embeddable":true,"href":"https:\/\/www.redenoticia.com.br\/noticia\/wp-json\/wp\/v2\/users\/3"}],"replies":[{"embeddable":true,"href":"https:\/\/www.redenoticia.com.br\/noticia\/wp-json\/wp\/v2\/comments?post=1560"}],"version-history":[{"count":0,"href":"https:\/\/www.redenoticia.com.br\/noticia\/wp-json\/wp\/v2\/posts\/1560\/revisions"}],"wp:attachment":[{"href":"https:\/\/www.redenoticia.com.br\/noticia\/wp-json\/wp\/v2\/media?parent=1560"}],"wp:term":[{"taxonomy":"category","embeddable":true,"href":"https:\/\/www.redenoticia.com.br\/noticia\/wp-json\/wp\/v2\/categories?post=1560"},{"taxonomy":"post_tag","embeddable":true,"href":"https:\/\/www.redenoticia.com.br\/noticia\/wp-json\/wp\/v2\/tags?post=1560"}],"curies":[{"name":"wp","href":"https:\/\/api.w.org\/{rel}","templated":true}]}}