{"id":15408,"date":"2009-10-27T22:56:26","date_gmt":"2009-10-28T02:56:26","guid":{"rendered":"http:\/\/www.redenoticia.com.br\/noticia\/?p=15408"},"modified":"2009-10-27T22:56:26","modified_gmt":"2009-10-28T02:56:26","slug":"grandes-momentos-do-esporte-completa-25-anos","status":"publish","type":"post","link":"https:\/\/www.redenoticia.com.br\/noticia\/2009\/grandes-momentos-do-esporte-completa-25-anos\/15408","title":{"rendered":"Grandes Momentos do Esporte completa 25 anos"},"content":{"rendered":"<p><a href=\"https:\/\/www.redenoticia.com.br\/noticia\/imagens\/\/tv-cultura-t.jpg\"><img loading=\"lazy\" decoding=\"async\" class=\"alignleft size-full wp-image-15409\" title=\"tv cultura t\" src=\"https:\/\/www.redenoticia.com.br\/noticia\/imagens\/\/tv-cultura-t.jpg\" alt=\"tv cultura t\" width=\"150\" height=\"113\" srcset=\"https:\/\/www.redenoticia.com.br\/noticia\/imagens\/tv-cultura-t.jpg 150w, https:\/\/www.redenoticia.com.br\/noticia\/imagens\/tv-cultura-t-148x112.jpg 148w\" sizes=\"auto, (max-width: 150px) 100vw, 150px\" \/><\/a>Neste domingo (1\/11), o tradicional\u00edssimo <strong>Grandes Momentos do Esporte<\/strong> exibe um programa mais que especial, que vai ao ar \u00e0s 11h, para comemorar seus 25 anos de estrada. Consolidado por sua credibilidade e pelo exclusivo material de arquivo, ele \u00e9 uma das refer\u00eancias do jornalismo esportivo na televis\u00e3o e soube se repaginar ao passar dos anos.<\/p>\n<p>Nessa edi\u00e7\u00e3o de anivers\u00e1rio, o Grandes Momentos do Esporte revela os bastidores das grava\u00e7\u00f5es e tem sua hist\u00f3ria revivida pelos convidados. Entre os que contam a longa trajet\u00f3ria do programa est\u00e3o Michel Laurence, atual editor e ex-editor-chefe, Helv\u00eddio Mattos, ex-rep\u00f3rter da atra\u00e7\u00e3o, atualmente na ESPN Brasil, e Vladir Lemos, atual apresentador do Cart\u00e3o Verde, e que fez parte do Grandes Momentos entre os anos de 1998 e 2004.<\/p>\n<p>Destacado por sua abordagem semelhante ao document\u00e1rio, o Grandes Momentos do Esporte criou um novo jeito de discutir e relembrar os mais importantes fatos do esporte no pa\u00eds. H\u00e9lio Alc\u00e2ntara, apresentador desde 2005 e editor-chefe desde 2000, confessa: &#8220;Sem d\u00favida, a maior marca do Grandes \u00e9 a de mergulhar no passado e entender o que est\u00e1 acontecendo hoje, poder assistir a evolu\u00e7\u00e3o dos esportes&#8221;.<\/p>\n<p>Marcas do programa<\/p>\n<p>No ar desde 1984, sob o nome de Grandes Momentos Esportivos, o programa teve sempre como seu carro-chefe o esporte mais popular brasileiro, o futebol. Nos \u00faltimos 25 anos, foram in\u00fameras hist\u00f3rias e personagens retratados com uma das caracter\u00edsticas principais da atra\u00e7\u00e3o, cada vez mais rara na televis\u00e3o aberta nacional: a reportagem especial.<\/p>\n<p>Entre os in\u00fameros atletas que fizeram parte dessa rica hist\u00f3ria, est\u00e3o nomes de peso como Muhammad Ali, Maradona, Man\u00e9 Garrincha, Pel\u00e9, Tel\u00ea Santana, Ayrton Senna, \u00c9der Jofre, Nadia Comaneci, Ferreira Gullar, Emerson Fittipaldi e Le\u00f4nidas da Silva. Tudo isso aliado a um grande acervo de imagens esportivas raras, exibidas para reviver gl\u00f3rias e desastres das d\u00e9cadas passadas.<\/p>\n","protected":false},"excerpt":{"rendered":"<p>Neste domingo (1\/11), o tradicional\u00edssimo Grandes Momentos do Esporte exibe um programa mais que especial, que vai ao ar \u00e0s 11h, para comemorar seus 25 anos de estrada. Consolidado por sua credibilidade e pelo exclusivo material de arquivo, ele \u00e9 uma das refer\u00eancias do jornalismo esportivo na televis\u00e3o e soube se repaginar ao passar dos [&hellip;]<\/p>\n","protected":false},"author":3,"featured_media":0,"comment_status":"open","ping_status":"open","sticky":false,"template":"","format":"standard","meta":{"_genesis_hide_title":false,"_genesis_hide_breadcrumbs":false,"_genesis_hide_singular_image":false,"_genesis_hide_footer_widgets":false,"_genesis_custom_body_class":"","_genesis_custom_post_class":"","_genesis_layout":"","_jetpack_memberships_contains_paid_content":false,"footnotes":""},"categories":[343],"tags":[],"class_list":{"0":"post-15408","1":"post","2":"type-post","3":"status-publish","4":"format-standard","6":"category-televisao","7":"entry","8":"has-post-thumbnail","9":"gs-1","10":"gs-odd","11":"gs-even","12":"gs-featured-content-entry"},"jetpack_featured_media_url":"","jetpack_sharing_enabled":true,"jetpack_likes_enabled":true,"_links":{"self":[{"href":"https:\/\/www.redenoticia.com.br\/noticia\/wp-json\/wp\/v2\/posts\/15408","targetHints":{"allow":["GET"]}}],"collection":[{"href":"https:\/\/www.redenoticia.com.br\/noticia\/wp-json\/wp\/v2\/posts"}],"about":[{"href":"https:\/\/www.redenoticia.com.br\/noticia\/wp-json\/wp\/v2\/types\/post"}],"author":[{"embeddable":true,"href":"https:\/\/www.redenoticia.com.br\/noticia\/wp-json\/wp\/v2\/users\/3"}],"replies":[{"embeddable":true,"href":"https:\/\/www.redenoticia.com.br\/noticia\/wp-json\/wp\/v2\/comments?post=15408"}],"version-history":[{"count":0,"href":"https:\/\/www.redenoticia.com.br\/noticia\/wp-json\/wp\/v2\/posts\/15408\/revisions"}],"wp:attachment":[{"href":"https:\/\/www.redenoticia.com.br\/noticia\/wp-json\/wp\/v2\/media?parent=15408"}],"wp:term":[{"taxonomy":"category","embeddable":true,"href":"https:\/\/www.redenoticia.com.br\/noticia\/wp-json\/wp\/v2\/categories?post=15408"},{"taxonomy":"post_tag","embeddable":true,"href":"https:\/\/www.redenoticia.com.br\/noticia\/wp-json\/wp\/v2\/tags?post=15408"}],"curies":[{"name":"wp","href":"https:\/\/api.w.org\/{rel}","templated":true}]}}