{"id":150891,"date":"2018-09-04T14:21:27","date_gmt":"2018-09-04T17:21:27","guid":{"rendered":"https:\/\/www.redenoticia.com.br\/noticia\/?p=150891"},"modified":"2018-09-04T14:21:27","modified_gmt":"2018-09-04T17:21:27","slug":"resumo-novela-o-tempo-nao-para-05-09-betina-destroi-sua-sala-na-samvita","status":"publish","type":"post","link":"https:\/\/www.redenoticia.com.br\/noticia\/2018\/resumo-novela-o-tempo-nao-para-05-09-betina-destroi-sua-sala-na-samvita\/150891","title":{"rendered":"Resumo novela \u201cO Tempo N\u00e3o Para\u201d 05\/09: Betina destr\u00f3i sua sala na Samvita"},"content":{"rendered":"<p><img loading=\"lazy\" decoding=\"async\" class=\"alignleft size-thumbnail wp-image-148135\" src=\"https:\/\/www.redenoticia.com.br\/noticia\/imagens\/o-tempo-nao-para-novela-resumo-150x112.jpg\" alt=\"\" width=\"150\" height=\"112\" srcset=\"https:\/\/www.redenoticia.com.br\/noticia\/imagens\/o-tempo-nao-para-novela-resumo-150x112.jpg 150w, https:\/\/www.redenoticia.com.br\/noticia\/imagens\/o-tempo-nao-para-novela-resumo-265x198.jpg 265w, https:\/\/www.redenoticia.com.br\/noticia\/imagens\/o-tempo-nao-para-novela-resumo-485x360.jpg 485w\" sizes=\"auto, (max-width: 150px) 100vw, 150px\" \/><strong><em>Resumo novela \u201cO Tempo N\u00e3o Para\u201d 05\/09 <\/em><\/strong>: no cap\u00edtulo 032(*) da novela \u201cO Tempo N\u00e3o Para\u201d, resumo quarta-feira, 05 de setembro, Elmo ajuda Betina, e Samuca se preocupa com o estado da ex-noiva. Eliseu aconselha Paulina. Dom Sabino pede mais tempo a Coronela para pagar as di\u00e1rias da pens\u00e3o. Dom Sabino tenta arrumar um emprego na padaria. Coronela e Januza cochicham sobre Marocas. Elmo e Samuca tentam descobrir quem revelou o local do noivado a Pedro Parede. Marocas come\u00e7a a trabalhar na Samvita. Dom Sabino matricula Nico e Kiki na escola de uma amiga de Amadeu. Helen sugere que Bento more em uma pens\u00e3o. Betina n\u00e3o aceita que Marocas trabalhe na Samvita e tenta agredi-la. Betina destr\u00f3i sua sala na Samvita.<\/p>\n<p>(*) edi\u00e7\u00e3o da Rede Globo, Novela \u201cO Tempo N\u00e3o Para\u201d, sujeito a altera\u00e7\u00e3o de data e conte\u00fado.<\/p>\n<p>Anos de avan\u00e7os e descobertas que moldaram costumes, h\u00e1bitos e linguagens da sociedade contempor\u00e2nea v\u00e3o gerar um choque em uma abastada fam\u00edlia do s\u00e9culo XIX que desperta no s\u00e9culo XXI. Por 132 anos, os Sabino Machado e seus agregados ficaram congelados, dentro de um bloco de gelo, enquanto a vida l\u00e1 fora passava. Agora, v\u00e3o despertar em uma S\u00e3o Paulo pulsante e turbulenta e se deparar com a sociedade em pleno 2018. &#8220;O Tempo N\u00e3o Para&#8221;, nova novela das 7, \u00e9 escrita por Mario Teixeira e tem dire\u00e7\u00e3o art\u00edstica de Leonardo Nogueira.<\/p>\n","protected":false},"excerpt":{"rendered":"<p>Resumo novela \u201cO Tempo N\u00e3o Para\u201d 05\/09 : no cap\u00edtulo 032(*) da novela \u201cO Tempo N\u00e3o Para\u201d, resumo quarta-feira, 05 de setembro, Elmo ajuda Betina, e Samuca se preocupa com o estado da ex-noiva. Eliseu aconselha Paulina. Dom Sabino pede mais tempo a Coronela para pagar as di\u00e1rias da pens\u00e3o. Dom Sabino tenta arrumar um [&hellip;]<\/p>\n","protected":false},"author":4,"featured_media":148135,"comment_status":"open","ping_status":"closed","sticky":false,"template":"","format":"standard","meta":{"_genesis_hide_title":false,"_genesis_hide_breadcrumbs":false,"_genesis_hide_singular_image":false,"_genesis_hide_footer_widgets":false,"_genesis_custom_body_class":"","_genesis_custom_post_class":"","_genesis_layout":"","_jetpack_memberships_contains_paid_content":false,"footnotes":""},"categories":[379,490,375,343],"tags":[441],"class_list":{"0":"post-150891","1":"post","2":"type-post","3":"status-publish","4":"format-standard","5":"has-post-thumbnail","7":"category-novelas","8":"category-o-tempo-nao-para","9":"category-rede-globo","10":"category-televisao","11":"tag-resumo-do-dia","12":"entry","13":"gs-1","14":"gs-odd","15":"gs-even","16":"gs-featured-content-entry"},"jetpack_featured_media_url":"https:\/\/www.redenoticia.com.br\/noticia\/imagens\/o-tempo-nao-para-novela-resumo.jpg","jetpack_sharing_enabled":true,"jetpack_likes_enabled":true,"_links":{"self":[{"href":"https:\/\/www.redenoticia.com.br\/noticia\/wp-json\/wp\/v2\/posts\/150891","targetHints":{"allow":["GET"]}}],"collection":[{"href":"https:\/\/www.redenoticia.com.br\/noticia\/wp-json\/wp\/v2\/posts"}],"about":[{"href":"https:\/\/www.redenoticia.com.br\/noticia\/wp-json\/wp\/v2\/types\/post"}],"author":[{"embeddable":true,"href":"https:\/\/www.redenoticia.com.br\/noticia\/wp-json\/wp\/v2\/users\/4"}],"replies":[{"embeddable":true,"href":"https:\/\/www.redenoticia.com.br\/noticia\/wp-json\/wp\/v2\/comments?post=150891"}],"version-history":[{"count":0,"href":"https:\/\/www.redenoticia.com.br\/noticia\/wp-json\/wp\/v2\/posts\/150891\/revisions"}],"wp:featuredmedia":[{"embeddable":true,"href":"https:\/\/www.redenoticia.com.br\/noticia\/wp-json\/wp\/v2\/media\/148135"}],"wp:attachment":[{"href":"https:\/\/www.redenoticia.com.br\/noticia\/wp-json\/wp\/v2\/media?parent=150891"}],"wp:term":[{"taxonomy":"category","embeddable":true,"href":"https:\/\/www.redenoticia.com.br\/noticia\/wp-json\/wp\/v2\/categories?post=150891"},{"taxonomy":"post_tag","embeddable":true,"href":"https:\/\/www.redenoticia.com.br\/noticia\/wp-json\/wp\/v2\/tags?post=150891"}],"curies":[{"name":"wp","href":"https:\/\/api.w.org\/{rel}","templated":true}]}}