{"id":150753,"date":"2018-09-03T15:21:23","date_gmt":"2018-09-03T18:21:23","guid":{"rendered":"https:\/\/www.redenoticia.com.br\/noticia\/?p=150753"},"modified":"2018-09-03T15:21:23","modified_gmt":"2018-09-03T18:21:23","slug":"resumo-novela-as-aventuras-de-poliana-04-09-sophie-encontra-joao","status":"publish","type":"post","link":"https:\/\/www.redenoticia.com.br\/noticia\/2018\/resumo-novela-as-aventuras-de-poliana-04-09-sophie-encontra-joao\/150753","title":{"rendered":"Resumo novela \u201cAs Aventuras de Poliana\u201d 04\/09: Sophie  encontra Jo\u00e3o"},"content":{"rendered":"<p><img loading=\"lazy\" decoding=\"async\" class=\"alignleft size-thumbnail wp-image-148201\" src=\"https:\/\/www.redenoticia.com.br\/noticia\/imagens\/poliana-150x112.jpg\" alt=\"\" width=\"150\" height=\"112\" srcset=\"https:\/\/www.redenoticia.com.br\/noticia\/imagens\/poliana-150x112.jpg 150w, https:\/\/www.redenoticia.com.br\/noticia\/imagens\/poliana-265x198.jpg 265w, https:\/\/www.redenoticia.com.br\/noticia\/imagens\/poliana-485x360.jpg 485w, https:\/\/www.redenoticia.com.br\/noticia\/imagens\/poliana-534x400.jpg 534w\" sizes=\"auto, (max-width: 150px) 100vw, 150px\" \/><strong><em>Resumo novela \u201cAs Aventuras de Poliana\u201d 04\/09 <\/em><\/strong>: no cap\u00edtulo 080(*) da novela \u201cAs Aventuras de Poliana\u201d, resumo de ter\u00e7a-feira, 04 de setembro, Arlete e Ver\u00f4nica se estranham ao se encontrarem na padaria. Come\u00e7a a reuni\u00e3o na O11O. Jo\u00e3o tenta ensinar Poliana a ficar mais afinada no canto. \u00c9ric vai escondido at\u00e9 a sala de dan\u00e7a e veste seus cal\u00e7ados de sapateado para dan\u00e7ar sem ser visto. Jo\u00e3o e Poliana veem o menino ensaiar. \u00c9ric pede para que os dois n\u00e3o contem nada para ningu\u00e9m. Roger chega na diretoria, n\u00e3o deixa Ruth falar e ofende Guilherme. Luigi descobre que \u00c9ric e Hugo mentiram sobre Yasmin. Gleyce vai com Kessya at\u00e9 a casa de Ver\u00f4nica para entrevista de emprego.<\/p>\n<p>Ver\u00f4nica manda a filha ir com Kessya para o quarto. Durante a conversa, Ver\u00f4nica diz que se ela aceitar participar do Comit\u00ea do La\u00e7o Pinky receberia mais do que pela limpeza. Sr. Pendleton recebe uma carta de Poliana dizendo que n\u00e3o pode mais visit\u00e1-lo por uma ordem de Lu\u00edsa. Roger decide que Guilherme vai trabalhar na galeria de arte de Gl\u00f3ria para ocupar a mente. Sophie consegue encontrar Jo\u00e3o e diz que ele \u00e9 talentoso.<\/p>\n<p>Raquel recebe um presente, mas deixa o cart\u00e3o cair no ch\u00e3o por acidente sem antes ler. O presente foi enviado por Vini, mas a garota pensa ser de Guilherme. Nanci est\u00e1 decidida a emagrecer por achar que Waldisney est\u00e1 de olho em Nadine. Luigi pede desculpa para Yasmin. Sophie toca piano com Jo\u00e3o. A professora de m\u00fasica diz que acredita que se conseguir falar com os pais dele conseguiria uma bolsa de estudos na escola.<\/p>\n<p>(*) edi\u00e7\u00e3o do SBT, Novela \u201cAs Aventuras de Poliana\u201d, sujeito a altera\u00e7\u00e3o de data e conte\u00fado.<\/p>\n<p>Poliana \u00e9 uma menina extrovertida e de bom cora\u00e7\u00e3o que viajava o Brasil com seus pais, Lorenzo e Alice, no grupo circense Trupe Vagalume. Aos onze anos a garota v\u00ea seu mundo desabar quando seus pais falecem e ela tem que ir morar em S\u00e3o Paulo com sua tia Lu\u00edsa, uma mulher rica e severa, a qual ela n\u00e3o conhecia e que n\u00e3o queria cuidar dela, embora sinta que \u00e9 sua obriga\u00e7\u00e3o pela alma de sua irm\u00e3. Apesar do jeito da rigidez da tia, Poliana decide ter uma vis\u00e3o positiva e inabal\u00e1vel da vida, mesmo nos momentos de dificuldade, tentando levar um pouco de felicidade para a vida de cada um dos seus novos amigos e vizinhos, como o Sr. Pendleton, um homem rico e infeliz por nunca ter tido filhos. Ela vai estudar no col\u00e9gio de Ruth, uma diretora de bom cora\u00e7\u00e3o que a ajuda a se adaptar, mas tem que lidar com as vilanias de Mirela, garota mais velha que n\u00e3o aceita perder a popularidade para uma novata.<\/p>\n","protected":false},"excerpt":{"rendered":"<p>Resumo novela \u201cAs Aventuras de Poliana\u201d 04\/09 : no cap\u00edtulo 080(*) da novela \u201cAs Aventuras de Poliana\u201d, resumo de ter\u00e7a-feira, 04 de setembro, Arlete e Ver\u00f4nica se estranham ao se encontrarem na padaria. Come\u00e7a a reuni\u00e3o na O11O. Jo\u00e3o tenta ensinar Poliana a ficar mais afinada no canto. \u00c9ric vai escondido at\u00e9 a sala de [&hellip;]<\/p>\n","protected":false},"author":4,"featured_media":148664,"comment_status":"open","ping_status":"closed","sticky":false,"template":"","format":"standard","meta":{"_genesis_hide_title":false,"_genesis_hide_breadcrumbs":false,"_genesis_hide_singular_image":false,"_genesis_hide_footer_widgets":false,"_genesis_custom_body_class":"","_genesis_custom_post_class":"","_genesis_layout":"","_jetpack_memberships_contains_paid_content":false,"footnotes":""},"categories":[477,379,372,343],"tags":[441],"class_list":{"0":"post-150753","1":"post","2":"type-post","3":"status-publish","4":"format-standard","5":"has-post-thumbnail","7":"category-as-aventuras-de-poliana","8":"category-novelas","9":"category-sbt","10":"category-televisao","11":"tag-resumo-do-dia","12":"entry","13":"gs-1","14":"gs-odd","15":"gs-even","16":"gs-featured-content-entry"},"jetpack_featured_media_url":"https:\/\/www.redenoticia.com.br\/noticia\/imagens\/as-aventuras-de-poliana.jpg","jetpack_sharing_enabled":true,"jetpack_likes_enabled":true,"_links":{"self":[{"href":"https:\/\/www.redenoticia.com.br\/noticia\/wp-json\/wp\/v2\/posts\/150753","targetHints":{"allow":["GET"]}}],"collection":[{"href":"https:\/\/www.redenoticia.com.br\/noticia\/wp-json\/wp\/v2\/posts"}],"about":[{"href":"https:\/\/www.redenoticia.com.br\/noticia\/wp-json\/wp\/v2\/types\/post"}],"author":[{"embeddable":true,"href":"https:\/\/www.redenoticia.com.br\/noticia\/wp-json\/wp\/v2\/users\/4"}],"replies":[{"embeddable":true,"href":"https:\/\/www.redenoticia.com.br\/noticia\/wp-json\/wp\/v2\/comments?post=150753"}],"version-history":[{"count":0,"href":"https:\/\/www.redenoticia.com.br\/noticia\/wp-json\/wp\/v2\/posts\/150753\/revisions"}],"wp:featuredmedia":[{"embeddable":true,"href":"https:\/\/www.redenoticia.com.br\/noticia\/wp-json\/wp\/v2\/media\/148664"}],"wp:attachment":[{"href":"https:\/\/www.redenoticia.com.br\/noticia\/wp-json\/wp\/v2\/media?parent=150753"}],"wp:term":[{"taxonomy":"category","embeddable":true,"href":"https:\/\/www.redenoticia.com.br\/noticia\/wp-json\/wp\/v2\/categories?post=150753"},{"taxonomy":"post_tag","embeddable":true,"href":"https:\/\/www.redenoticia.com.br\/noticia\/wp-json\/wp\/v2\/tags?post=150753"}],"curies":[{"name":"wp","href":"https:\/\/api.w.org\/{rel}","templated":true}]}}