{"id":150186,"date":"2018-08-31T20:11:58","date_gmt":"2018-08-31T23:11:58","guid":{"rendered":"https:\/\/www.redenoticia.com.br\/noticia\/?p=150186"},"modified":"2018-09-01T15:28:55","modified_gmt":"2018-09-01T18:28:55","slug":"novela-o-tempo-nao-para-betina-tenta-matar-marocas","status":"publish","type":"post","link":"https:\/\/www.redenoticia.com.br\/noticia\/2018\/novela-o-tempo-nao-para-betina-tenta-matar-marocas\/150186","title":{"rendered":"Novela \u201cO Tempo N\u00e3o Para\u201d: Betina tenta matar Marocas"},"content":{"rendered":"<p><img loading=\"lazy\" decoding=\"async\" src=\"https:\/\/www.redenoticia.com.br\/noticia\/imagens\/o-tempo-nao-para-maroca-150x112.jpg\" alt=\"\" width=\"150\" height=\"112\" class=\"alignleft size-thumbnail wp-image-148678\" srcset=\"https:\/\/www.redenoticia.com.br\/noticia\/imagens\/o-tempo-nao-para-maroca-150x112.jpg 150w, https:\/\/www.redenoticia.com.br\/noticia\/imagens\/o-tempo-nao-para-maroca-265x198.jpg 265w, https:\/\/www.redenoticia.com.br\/noticia\/imagens\/o-tempo-nao-para-maroca-485x360.jpg 485w\" sizes=\"auto, (max-width: 150px) 100vw, 150px\" \/><strong><em> Novela \u201cO Tempo N\u00e3o Para\u201d: <\/em><\/strong>: Betina (Cleo) se arranha e coloca a culpa em Marocas (Juliana Paiva). Logo depois, invade o apartamento de Samuca (Nicolas Prattes), fica nua e d\u00e1 um tapa na cara da rival. Marocas rende a provocadora, tira a roupa dela na portaria do pr\u00e9dio, humilha Betina e arruma um emprego na Samvita. A vil\u00e3, como uma das acionistas da empresa, se recusa a assinar a contrata\u00e7\u00e3o de Marocas. Vanda (Lucy Ramos) e Carmen (Christiane Torloni) tentam acalmar Betina. Vanda leva um empurr\u00e3o e bate a cabe\u00e7a. Betina invade a sala de Marocas e a ataca com um abridor de cartas. Marocas consegue se defender, Samuca chega e a executiva faz drama. Paulina (Carol Macedo) mostra a arma e conta o ocorrido. Betina corre em dire\u00e7\u00e3o \u00e0 sua sala e quebra tudo. Depois do surto, Samuca exige que ela se afaste da empresa e fa\u00e7a um tratamento psiqui\u00e1trico.  <\/p>\n<p>Veja o contexto no resumo de &#8220;O Tempo N\u00e3o Para&#8221;, 4 de setembro, no portal .<\/p>\n<p>\u00a0<\/p>\n<p>(*) edi\u00e7\u00e3o da Rede Globo, Novela \u201cO Tempo N\u00e3o Para\u201d, sujeito a altera\u00e7\u00e3o de data e conte\u00fado.<\/p>\n<p>Anos de avan\u00e7os e descobertas que moldaram costumes, h\u00e1bitos e linguagens da sociedade contempor\u00e2nea v\u00e3o gerar um choque em uma abastada fam\u00edlia do s\u00e9culo XIX que desperta no s\u00e9culo XXI. Por 132 anos, os Sabino Machado e seus agregados ficaram congelados, dentro de um bloco de gelo, enquanto a vida l\u00e1 fora passava. Agora, v\u00e3o despertar em uma S\u00e3o Paulo pulsante e turbulenta e se deparar com a sociedade em pleno 2018. &#8220;O Tempo N\u00e3o Para&#8221;, nova novela das 7, \u00e9 escrita por Mario Teixeira e tem dire\u00e7\u00e3o art\u00edstica de Leonardo Nogueira.<\/p>\n","protected":false},"excerpt":{"rendered":"<p>Novela \u201cO Tempo N\u00e3o Para\u201d: : Betina (Cleo) se arranha e coloca a culpa em Marocas (Juliana Paiva). Logo depois, invade o apartamento de Samuca (Nicolas Prattes), fica nua e d\u00e1 um tapa na cara da rival. Marocas rende a provocadora, tira a roupa dela na portaria do pr\u00e9dio, humilha Betina e arruma um emprego [&hellip;]<\/p>\n","protected":false},"author":2,"featured_media":148678,"comment_status":"open","ping_status":"closed","sticky":false,"template":"","format":"standard","meta":{"_genesis_hide_title":false,"_genesis_hide_breadcrumbs":false,"_genesis_hide_singular_image":false,"_genesis_hide_footer_widgets":false,"_genesis_custom_body_class":"","_genesis_custom_post_class":"","_genesis_layout":"","_jetpack_memberships_contains_paid_content":false,"footnotes":""},"categories":[388,379,490,375,343],"tags":[440],"class_list":{"0":"post-150186","1":"post","2":"type-post","3":"status-publish","4":"format-standard","5":"has-post-thumbnail","7":"category-destaques","8":"category-novelas","9":"category-o-tempo-nao-para","10":"category-rede-globo","11":"category-televisao","12":"tag-noticia-novela","13":"entry","14":"gs-1","15":"gs-odd","16":"gs-even","17":"gs-featured-content-entry"},"jetpack_featured_media_url":"https:\/\/www.redenoticia.com.br\/noticia\/imagens\/o-tempo-nao-para-maroca.jpg","jetpack_sharing_enabled":true,"jetpack_likes_enabled":true,"_links":{"self":[{"href":"https:\/\/www.redenoticia.com.br\/noticia\/wp-json\/wp\/v2\/posts\/150186","targetHints":{"allow":["GET"]}}],"collection":[{"href":"https:\/\/www.redenoticia.com.br\/noticia\/wp-json\/wp\/v2\/posts"}],"about":[{"href":"https:\/\/www.redenoticia.com.br\/noticia\/wp-json\/wp\/v2\/types\/post"}],"author":[{"embeddable":true,"href":"https:\/\/www.redenoticia.com.br\/noticia\/wp-json\/wp\/v2\/users\/2"}],"replies":[{"embeddable":true,"href":"https:\/\/www.redenoticia.com.br\/noticia\/wp-json\/wp\/v2\/comments?post=150186"}],"version-history":[{"count":0,"href":"https:\/\/www.redenoticia.com.br\/noticia\/wp-json\/wp\/v2\/posts\/150186\/revisions"}],"wp:featuredmedia":[{"embeddable":true,"href":"https:\/\/www.redenoticia.com.br\/noticia\/wp-json\/wp\/v2\/media\/148678"}],"wp:attachment":[{"href":"https:\/\/www.redenoticia.com.br\/noticia\/wp-json\/wp\/v2\/media?parent=150186"}],"wp:term":[{"taxonomy":"category","embeddable":true,"href":"https:\/\/www.redenoticia.com.br\/noticia\/wp-json\/wp\/v2\/categories?post=150186"},{"taxonomy":"post_tag","embeddable":true,"href":"https:\/\/www.redenoticia.com.br\/noticia\/wp-json\/wp\/v2\/tags?post=150186"}],"curies":[{"name":"wp","href":"https:\/\/api.w.org\/{rel}","templated":true}]}}