{"id":150122,"date":"2018-08-27T00:12:00","date_gmt":"2018-08-27T03:12:00","guid":{"rendered":"https:\/\/www.redenoticia.com.br\/noticia\/?p=150122"},"modified":"2018-08-27T00:13:07","modified_gmt":"2018-08-27T03:13:07","slug":"pesquisa-constata-queda-na-confianca-do-consumidor","status":"publish","type":"post","link":"https:\/\/www.redenoticia.com.br\/noticia\/2018\/pesquisa-constata-queda-na-confianca-do-consumidor\/150122","title":{"rendered":"Pesquisa constata queda na confian\u00e7a do consumidor"},"content":{"rendered":"<p> O <strong><em>\u00cdndice de Confian\u00e7a do Consumidor<\/em><\/strong> (ICC) recuou 0,4 ponto em agosto, ao passar de 84,2 para 83,8 pontos. As informa\u00e7\u00f5es sobre a pesquisa foram divulgadas no Rio de Janeiro, pelo Instituto Brasileiro de Economia da Funda\u00e7\u00e3o Getulio Vargas (Ibre FGV). Elas indicam que, em rela\u00e7\u00e3o ao mesmo per\u00edodo do ano anterior, houve alta de 2,4 pontos.<\/p>\n<p>Os dados constatam piora das avalia\u00e7\u00f5es sobre a situa\u00e7\u00e3o atual e melhora das expectativas em rela\u00e7\u00e3o aos meses seguintes, mas foi a satisfa\u00e7\u00e3o com a situa\u00e7\u00e3o financeira familiar que mais contribuiu para a queda do indicador.<\/p>\n<p> O \u00cdndice de Situa\u00e7\u00e3o Atual (ISA), por exemplo, caiu 2,7 pontos, indo para 71,4, devolvendo a alta do m\u00eas anterior, enquanto o \u00cdndice de Expectativas (IE) avan\u00e7ou 1,1 ponto em rela\u00e7\u00e3o a julho, somando 93 pontos, o segundo aumento consecutivo.<\/p>\n<p>J\u00e1 o indicador que mede a satisfa\u00e7\u00e3o dos consumidores com a situa\u00e7\u00e3o atual da economia variou 0,5 ponto entre julho e agosto. Foi para 78,6 pontos. Apesar disso, o \u00edndice se mant\u00e9m abaixo do n\u00edvel anterior \u00e0 greve dos caminhoneiros.<\/p>\n<p>E o Indicador de satisfa\u00e7\u00e3o com a situa\u00e7\u00e3o financeira familiar recuo 5,9 pontos, ficando em 64,8 pontos, o menor patamar desde agosto de 2017, sendo o que mais contribuiu para a queda do ICC em agosto.<\/p>\n<p>Para a coordenadora da Sondagem do Consumidor da FGV, Viviane Seda Bittencourt, os consumidores continuam mantendo uma postura conservadora diante da crise e das incertezas da economia.<\/p>\n<p>\u201cDiante da lenta recupera\u00e7\u00e3o do mercado de trabalho, do alto n\u00edvel de incerteza, do risco de acelera\u00e7\u00e3o da infla\u00e7\u00e3o e das dificuldades de se alcan\u00e7ar o equil\u00edbrio or\u00e7ament\u00e1rio familiar, os consumidores mant\u00eam uma postura conservadora e cautelosa quanto aos gastos discricion\u00e1rios\u201d, explicou.<\/p>\n<p>Ainda em agosto, a FGV apurou que o indicador que mede o otimismo com rela\u00e7\u00e3o \u00e0 situa\u00e7\u00e3o econ\u00f4mica nos seis meses seguintes subiu 1,1 ponto no \u00faltimo m\u00eas, para 103,4 pontos, interrompendo a tend\u00eancia de queda dos quatro meses anteriores.<\/p>\n<p>Tamb\u00e9m as expectativas sobre a situa\u00e7\u00e3o financeira das fam\u00edlias melhoraram pelo segundo m\u00eas seguido. O indicador subiu 3,2 pontos para 95,4 pontos, o maior n\u00edvel desde abril (96,4).<\/p>\n<p>Em contrapartida, o indicador que mede a inten\u00e7\u00e3o de compras de bens dur\u00e1veis recuou 0,9 ponto, para 81,2 pontos em agosto, menor n\u00edvel desde outubro de 2017.<\/p>\n<p>Des\u00e2nimo afetar\u00e1 consumo<br \/>\nA avalia\u00e7\u00e3o da economista da FGV \u00e9 de que o cen\u00e1rio se manter\u00e1 ao longo do segundo semestre do ano ainda em raz\u00e3o dos problemas enfrentados pela economia brasileira. \u201cEsse des\u00e2nimo ter\u00e1 um efeito redutor sobre o consumo das fam\u00edlias ao longo do segundo semestre\u201d, disse.<\/p>\n<p>A pesquisa revela que em agosto houve perda de confian\u00e7a em todas as classes de renda, exceto para os consumidores de renda familiar entre R$ 2.100,01 e R$ 4.800,00, cujo \u00edndice avan\u00e7ou pelo segundo m\u00eas consecutivo, com crescimento acumulado de 1,6 ponto.<\/p>\n<p>Este resultado, no entanto, \u201cainda n\u00e3o foi o suficiente para compensar as perdas de junho de 2018\u201d.<\/p>\n<p>Para as fam\u00edlias de renda menor que R$ 2.100,00, a confian\u00e7a diminuiu 1,2 ponto entre julho e agosto, a maior varia\u00e7\u00e3o negativa entre as classes de renda analisadas.<\/p>\n<p>A edi\u00e7\u00e3o da pesquisa coletou informa\u00e7\u00f5es de 1.933 domic\u00edlios entre os dias 1 e 21 de agosto.<\/p>\n<p> Nielmar de Oliveira &#8211; Rep\u00f3rter da Ag\u00eancia Brasil<br \/>\nEdi\u00e7\u00e3o: Kleber Sampaio<br \/>\n27\/08\/2018<\/p>\n","protected":false},"excerpt":{"rendered":"<p>O \u00cdndice de Confian\u00e7a do Consumidor (ICC) recuou 0,4 ponto em agosto, ao passar de 84,2 para 83,8 pontos. As informa\u00e7\u00f5es sobre a pesquisa foram divulgadas no Rio de Janeiro, pelo Instituto Brasileiro de Economia da Funda\u00e7\u00e3o Getulio Vargas (Ibre FGV). Elas indicam que, em rela\u00e7\u00e3o ao mesmo per\u00edodo do ano anterior, houve alta de [&hellip;]<\/p>\n","protected":false},"author":2,"featured_media":148164,"comment_status":"open","ping_status":"closed","sticky":false,"template":"","format":"standard","meta":{"_genesis_hide_title":false,"_genesis_hide_breadcrumbs":false,"_genesis_hide_singular_image":false,"_genesis_hide_footer_widgets":false,"_genesis_custom_body_class":"","_genesis_custom_post_class":"","_genesis_layout":"","_jetpack_memberships_contains_paid_content":false,"footnotes":""},"categories":[22,388,7],"tags":[],"class_list":{"0":"post-150122","1":"post","2":"type-post","3":"status-publish","4":"format-standard","5":"has-post-thumbnail","7":"category-brasil","8":"category-destaques","9":"category-economia","10":"entry","11":"gs-1","12":"gs-odd","13":"gs-even","14":"gs-featured-content-entry"},"jetpack_featured_media_url":"https:\/\/www.redenoticia.com.br\/noticia\/imagens\/economia-analise-2.jpg","jetpack_sharing_enabled":true,"jetpack_likes_enabled":true,"_links":{"self":[{"href":"https:\/\/www.redenoticia.com.br\/noticia\/wp-json\/wp\/v2\/posts\/150122","targetHints":{"allow":["GET"]}}],"collection":[{"href":"https:\/\/www.redenoticia.com.br\/noticia\/wp-json\/wp\/v2\/posts"}],"about":[{"href":"https:\/\/www.redenoticia.com.br\/noticia\/wp-json\/wp\/v2\/types\/post"}],"author":[{"embeddable":true,"href":"https:\/\/www.redenoticia.com.br\/noticia\/wp-json\/wp\/v2\/users\/2"}],"replies":[{"embeddable":true,"href":"https:\/\/www.redenoticia.com.br\/noticia\/wp-json\/wp\/v2\/comments?post=150122"}],"version-history":[{"count":0,"href":"https:\/\/www.redenoticia.com.br\/noticia\/wp-json\/wp\/v2\/posts\/150122\/revisions"}],"wp:featuredmedia":[{"embeddable":true,"href":"https:\/\/www.redenoticia.com.br\/noticia\/wp-json\/wp\/v2\/media\/148164"}],"wp:attachment":[{"href":"https:\/\/www.redenoticia.com.br\/noticia\/wp-json\/wp\/v2\/media?parent=150122"}],"wp:term":[{"taxonomy":"category","embeddable":true,"href":"https:\/\/www.redenoticia.com.br\/noticia\/wp-json\/wp\/v2\/categories?post=150122"},{"taxonomy":"post_tag","embeddable":true,"href":"https:\/\/www.redenoticia.com.br\/noticia\/wp-json\/wp\/v2\/tags?post=150122"}],"curies":[{"name":"wp","href":"https:\/\/api.w.org\/{rel}","templated":true}]}}