{"id":150064,"date":"2018-08-25T16:02:59","date_gmt":"2018-08-25T19:02:59","guid":{"rendered":"https:\/\/www.redenoticia.com.br\/noticia\/?p=150064"},"modified":"2018-08-25T22:26:44","modified_gmt":"2018-08-26T01:26:44","slug":"resumo-novela-o-tempo-nao-para27-08-celine-e-marocas-procuram-emprego","status":"publish","type":"post","link":"https:\/\/www.redenoticia.com.br\/noticia\/2018\/resumo-novela-o-tempo-nao-para27-08-celine-e-marocas-procuram-emprego\/150064","title":{"rendered":"Resumo novela \u201cO Tempo N\u00e3o Para\u201d27\/08: Celine e Marocas procuram emprego"},"content":{"rendered":"<p> <img loading=\"lazy\" decoding=\"async\" class=\"alignleft size-thumbnail wp-image-148135\" src=\"https:\/\/www.redenoticia.com.br\/noticia\/imagens\/o-tempo-nao-para-novela-resumo-150x112.jpg\" alt=\"\" width=\"150\" height=\"112\" srcset=\"https:\/\/www.redenoticia.com.br\/noticia\/imagens\/o-tempo-nao-para-novela-resumo-150x112.jpg 150w, https:\/\/www.redenoticia.com.br\/noticia\/imagens\/o-tempo-nao-para-novela-resumo-265x198.jpg 265w, https:\/\/www.redenoticia.com.br\/noticia\/imagens\/o-tempo-nao-para-novela-resumo-485x360.jpg 485w\" sizes=\"auto, (max-width: 150px) 100vw, 150px\" \/><strong><em>Resumo novela \u201cO Tempo N\u00e3o Para\u201d 27\/08 <\/em><\/strong>: no cap\u00edtulo 024(*) da novela \u201cO Tempo N\u00e3o Para\u201d, resumo segunda-feira, 27 de agosto, Elmo e Miss Celine se beijam. Agustina acaba com a discuss\u00e3o entre Ces\u00e1ria e Monalisa pelo colar e reparte a joia entre as duas. Betina surpreende Marocas e se faz de v\u00edtima para Samuca. Monalisa tenta vender sua parte do colar para Mariacarla. Menelau defende Eliseu de bandidos enviados por Bar\u00e3o. Samuca flagra Em\u00edlio beijando Marocas.<\/p>\n<p>Em\u00edlio \u00e9 atropelado e levado para um hospital. Em\u00edlio finge estar dormindo quando Samuca chega. Mariacarla esconde os documentos dos congelados a mando de Em\u00edlio, mas faz c\u00f3pias para si. Samuca se surpreende ao ver Betina no quarto de Em\u00edlio no hospital. Miss Celine e Marocas procuram emprego. <\/p>\n<p>Bento acorda na casa de Helen. Agustina pro\u00edbe Miss Celine e Marocas de trabalhar. Coronela se preocupa com o pagamento das di\u00e1rias dos \u201ccongelados\u201d. Mariacarla leva os documentos de Dom Sabino para Samuca. Dom Sabino descobre que estava sendo enganado por Em\u00edlio. Uma agente do Conselho Tutelar procura a fam\u00edlia de Marocas.<\/p>\n<p>(*) edi\u00e7\u00e3o da Rede Globo, Novela \u201cO Tempo N\u00e3o Para\u201d, sujeito a altera\u00e7\u00e3o de data e conte\u00fado.<\/p>\n<p>Anos de avan\u00e7os e descobertas que moldaram costumes, h\u00e1bitos e linguagens da sociedade contempor\u00e2nea v\u00e3o gerar um choque em uma abastada fam\u00edlia do s\u00e9culo XIX que desperta no s\u00e9culo XXI. Por 132 anos, os Sabino Machado e seus agregados ficaram congelados, dentro de um bloco de gelo, enquanto a vida l\u00e1 fora passava. Agora, v\u00e3o despertar em uma S\u00e3o Paulo pulsante e turbulenta e se deparar com a sociedade em pleno 2018. &#8220;O Tempo N\u00e3o Para&#8221;, nova novela das 7, \u00e9 escrita por Mario Teixeira e tem dire\u00e7\u00e3o art\u00edstica de Leonardo Nogueira.<\/p>\n","protected":false},"excerpt":{"rendered":"<p>Resumo novela \u201cO Tempo N\u00e3o Para\u201d 27\/08 : no cap\u00edtulo 024(*) da novela \u201cO Tempo N\u00e3o Para\u201d, resumo segunda-feira, 27 de agosto, Elmo e Miss Celine se beijam. Agustina acaba com a discuss\u00e3o entre Ces\u00e1ria e Monalisa pelo colar e reparte a joia entre as duas. Betina surpreende Marocas e se faz de v\u00edtima para [&hellip;]<\/p>\n","protected":false},"author":2,"featured_media":148675,"comment_status":"open","ping_status":"closed","sticky":false,"template":"","format":"standard","meta":{"_genesis_hide_title":false,"_genesis_hide_breadcrumbs":false,"_genesis_hide_singular_image":false,"_genesis_hide_footer_widgets":false,"_genesis_custom_body_class":"","_genesis_custom_post_class":"","_genesis_layout":"","_jetpack_memberships_contains_paid_content":false,"footnotes":""},"categories":[388,379,490,375,343],"tags":[441],"class_list":{"0":"post-150064","1":"post","2":"type-post","3":"status-publish","4":"format-standard","5":"has-post-thumbnail","7":"category-destaques","8":"category-novelas","9":"category-o-tempo-nao-para","10":"category-rede-globo","11":"category-televisao","12":"tag-resumo-do-dia","13":"entry","14":"gs-1","15":"gs-odd","16":"gs-even","17":"gs-featured-content-entry"},"jetpack_featured_media_url":"https:\/\/www.redenoticia.com.br\/noticia\/imagens\/o-tempo-nao-para-Sabino.jpg","jetpack_sharing_enabled":true,"jetpack_likes_enabled":true,"_links":{"self":[{"href":"https:\/\/www.redenoticia.com.br\/noticia\/wp-json\/wp\/v2\/posts\/150064","targetHints":{"allow":["GET"]}}],"collection":[{"href":"https:\/\/www.redenoticia.com.br\/noticia\/wp-json\/wp\/v2\/posts"}],"about":[{"href":"https:\/\/www.redenoticia.com.br\/noticia\/wp-json\/wp\/v2\/types\/post"}],"author":[{"embeddable":true,"href":"https:\/\/www.redenoticia.com.br\/noticia\/wp-json\/wp\/v2\/users\/2"}],"replies":[{"embeddable":true,"href":"https:\/\/www.redenoticia.com.br\/noticia\/wp-json\/wp\/v2\/comments?post=150064"}],"version-history":[{"count":0,"href":"https:\/\/www.redenoticia.com.br\/noticia\/wp-json\/wp\/v2\/posts\/150064\/revisions"}],"wp:featuredmedia":[{"embeddable":true,"href":"https:\/\/www.redenoticia.com.br\/noticia\/wp-json\/wp\/v2\/media\/148675"}],"wp:attachment":[{"href":"https:\/\/www.redenoticia.com.br\/noticia\/wp-json\/wp\/v2\/media?parent=150064"}],"wp:term":[{"taxonomy":"category","embeddable":true,"href":"https:\/\/www.redenoticia.com.br\/noticia\/wp-json\/wp\/v2\/categories?post=150064"},{"taxonomy":"post_tag","embeddable":true,"href":"https:\/\/www.redenoticia.com.br\/noticia\/wp-json\/wp\/v2\/tags?post=150064"}],"curies":[{"name":"wp","href":"https:\/\/api.w.org\/{rel}","templated":true}]}}