{"id":149978,"date":"2018-08-24T10:40:39","date_gmt":"2018-08-24T13:40:39","guid":{"rendered":"https:\/\/www.redenoticia.com.br\/noticia\/?p=149978"},"modified":"2018-08-24T10:40:39","modified_gmt":"2018-08-24T13:40:39","slug":"resumo-novela-orgulho-e-paixao-25-08-darcy-confronta-susana","status":"publish","type":"post","link":"https:\/\/www.redenoticia.com.br\/noticia\/2018\/resumo-novela-orgulho-e-paixao-25-08-darcy-confronta-susana\/149978","title":{"rendered":"Resumo novela \u201cOrgulho e Paix\u00e3o\u201d 25\/08: Darcy confronta Susana"},"content":{"rendered":"<p><img loading=\"lazy\" decoding=\"async\" class=\"alignleft size-thumbnail wp-image-148134\" src=\"https:\/\/www.redenoticia.com.br\/noticia\/imagens\/orgulho-paixao-resumo-novela-150x112.jpg\" alt=\"\" width=\"150\" height=\"112\" srcset=\"https:\/\/www.redenoticia.com.br\/noticia\/imagens\/orgulho-paixao-resumo-novela-150x112.jpg 150w, https:\/\/www.redenoticia.com.br\/noticia\/imagens\/orgulho-paixao-resumo-novela-265x198.jpg 265w, https:\/\/www.redenoticia.com.br\/noticia\/imagens\/orgulho-paixao-resumo-novela-485x360.jpg 485w\" sizes=\"auto, (max-width: 150px) 100vw, 150px\" \/><strong><em>Resumo novela \u201cOrgulho e Paix\u00e3o\u201d 25\/08 <\/em><\/strong>: no cap\u00edtulo 137(*) da novela \u201cOrgulho e Paix\u00e3o\u201d, resumo de s\u00e1bado, 25 de agosto, Susana e Elisabeta se enfrentam. Julieta despista Camilo sobre seu segredo. Ot\u00e1vio conforta Luccino, que se abriga na oficina ap\u00f3s ser expulso de casa. Tib\u00farcio acomoda Lady Margareth na Mans\u00e3o do Parque. Josephine provoca Mariana sobre seus cabelos. Oleg\u00e1rio e Charlotte se reencontram. Felisberto conversa com Randolfo sobre L\u00eddia. R\u00f4mulo afirma a Cec\u00edlia que seu amor por ela n\u00e3o mudar\u00e1, caso n\u00e3o consigam ter filhos. Darcy tenta negociar com Susana, para desespero de Elisabeta. O Bar\u00e3o fala com Julieta sobre o projeto de Camilo para o caf\u00e9 especial. Nicoletta afirma a Fani e Edmundo que os dois podem ficar em sua casa. Ot\u00e1vio prop\u00f5e deixar o Vale do Caf\u00e9 com Luccino. O Bar\u00e3o pede para associar-se a Camilo. Ot\u00e1vio e Luccino sofrem com a impossibilidade de seu amor. Darcy confronta Susana.<\/p>\n<p>(*) edi\u00e7\u00e3o da Rede Globo, Novela \u201cOrgulho e Paix\u00e3o\u201d, sujeito a altera\u00e7\u00e3o de data e conte\u00fado.<\/p>\n<p>No fict\u00edcio Vale do Caf\u00e9, interior de S\u00e3o Paulo, nossos personagens vivem seus conflitos sociais e de conduta, que sempre se contrap\u00f5em aos desejos pessoais de cada um. Elisabeta (Nathalia Dill) \u00e9 uma mulher \u00e0 frente do seu tempo, com pensamentos igualit\u00e1rios e interesses at\u00edpicos para uma jovem do in\u00edcio do s\u00e9culo XX. Ela deseja trabalhar, conhecer o mundo e \u00e9 incentivada a realizar seus sonhos pelo pai, Felisberto (Tato Gabus Mendes), que vive \u00e0s turras com a mulher, Of\u00e9lia (Vera Holtz), por pensarem diferente sobre a cria\u00e7\u00e3o das filhas. Ao todo, o casal teve cinco mulheres, e cada uma com uma personalidade diferente.<\/p>\n<p>A personagem de Nathalia Dill entrar\u00e1 em conflito quando se apaixonar por Darcy (Thiago Lacerda), um homem de car\u00e1ter e muito sisudo. O amor n\u00e3o \u00e9 \u00e0 primeira vista, j\u00e1 que os dois n\u00e3o se entendem assim que se conhecem. O sentimento de repulsa dar\u00e1 lugar a uma grande paix\u00e3o, que ser\u00e1 negada pelo casal o m\u00e1ximo poss\u00edvel.<\/p>\n","protected":false},"excerpt":{"rendered":"<p>Resumo novela \u201cOrgulho e Paix\u00e3o\u201d 25\/08 : no cap\u00edtulo 137(*) da novela \u201cOrgulho e Paix\u00e3o\u201d, resumo de s\u00e1bado, 25 de agosto, Susana e Elisabeta se enfrentam. Julieta despista Camilo sobre seu segredo. Ot\u00e1vio conforta Luccino, que se abriga na oficina ap\u00f3s ser expulso de casa. Tib\u00farcio acomoda Lady Margareth na Mans\u00e3o do Parque. Josephine provoca [&hellip;]<\/p>\n","protected":false},"author":4,"featured_media":148134,"comment_status":"open","ping_status":"closed","sticky":false,"template":"","format":"standard","meta":{"_genesis_hide_title":false,"_genesis_hide_breadcrumbs":false,"_genesis_hide_singular_image":false,"_genesis_hide_footer_widgets":false,"_genesis_custom_body_class":"","_genesis_custom_post_class":"","_genesis_layout":"","_jetpack_memberships_contains_paid_content":false,"footnotes":""},"categories":[379,467,375,343],"tags":[441],"class_list":{"0":"post-149978","1":"post","2":"type-post","3":"status-publish","4":"format-standard","5":"has-post-thumbnail","7":"category-novelas","8":"category-orgulho-e-paixao","9":"category-rede-globo","10":"category-televisao","11":"tag-resumo-do-dia","12":"entry","13":"gs-1","14":"gs-odd","15":"gs-even","16":"gs-featured-content-entry"},"jetpack_featured_media_url":"https:\/\/www.redenoticia.com.br\/noticia\/imagens\/orgulho-paixao-resumo-novela.jpg","jetpack_sharing_enabled":true,"jetpack_likes_enabled":true,"_links":{"self":[{"href":"https:\/\/www.redenoticia.com.br\/noticia\/wp-json\/wp\/v2\/posts\/149978","targetHints":{"allow":["GET"]}}],"collection":[{"href":"https:\/\/www.redenoticia.com.br\/noticia\/wp-json\/wp\/v2\/posts"}],"about":[{"href":"https:\/\/www.redenoticia.com.br\/noticia\/wp-json\/wp\/v2\/types\/post"}],"author":[{"embeddable":true,"href":"https:\/\/www.redenoticia.com.br\/noticia\/wp-json\/wp\/v2\/users\/4"}],"replies":[{"embeddable":true,"href":"https:\/\/www.redenoticia.com.br\/noticia\/wp-json\/wp\/v2\/comments?post=149978"}],"version-history":[{"count":0,"href":"https:\/\/www.redenoticia.com.br\/noticia\/wp-json\/wp\/v2\/posts\/149978\/revisions"}],"wp:featuredmedia":[{"embeddable":true,"href":"https:\/\/www.redenoticia.com.br\/noticia\/wp-json\/wp\/v2\/media\/148134"}],"wp:attachment":[{"href":"https:\/\/www.redenoticia.com.br\/noticia\/wp-json\/wp\/v2\/media?parent=149978"}],"wp:term":[{"taxonomy":"category","embeddable":true,"href":"https:\/\/www.redenoticia.com.br\/noticia\/wp-json\/wp\/v2\/categories?post=149978"},{"taxonomy":"post_tag","embeddable":true,"href":"https:\/\/www.redenoticia.com.br\/noticia\/wp-json\/wp\/v2\/tags?post=149978"}],"curies":[{"name":"wp","href":"https:\/\/api.w.org\/{rel}","templated":true}]}}